{"id":22384,"date":"2026-03-03T09:27:12","date_gmt":"2026-03-03T08:27:12","guid":{"rendered":"https:\/\/elcafedepipa.com\/?p=22384"},"modified":"2026-03-03T09:27:22","modified_gmt":"2026-03-03T08:27:22","slug":"mario-conde-genera-gran-expectacio-i-congrega-a-centenars-de-persones-a-nules","status":"publish","type":"post","link":"https:\/\/elcafedepipa.com\/index.php\/2026\/03\/03\/mario-conde-genera-gran-expectacio-i-congrega-a-centenars-de-persones-a-nules\/","title":{"rendered":"Mario Conde genera gran expectaci\u00f3 i congrega a centenars de persones a Nules"},"content":{"rendered":"\n<p><strong>Ha impartit una confer\u00e8ncia emmarcada en el cicle \u00c0gora Nules<\/strong><\/p>\n\n\n\n<p>Pensar per un mateix, q\u00fcestionar, comprendre abans de jutjar, i construir una ciutadania m\u00e9s lliure, m\u00e9s informada i m\u00e9s conscient s\u00f3n aspectes que formen part de la filosofia del cicle de confer\u00e8ncies \u00c0gora Nules, de fet la pon\u00e8ncia impartida hui per Mario Conde, \u201cMente cr\u00edtica y libertad\u201d ha estat un exemple d\u2019aquests principis.<\/p>\n\n\n\n<p>De manera que, Mario Conde com a una figura de gran rellev\u00e0ncia a la societat espanyola de la d\u00e8cada dels 80 i com a testimoni privilegiat d\u2019una \u00e8poca del nostre temps ha compartit amb les persones assistents la seua visi\u00f3 personal amb una mirada cr\u00edtica i reflexiva forjada des de l\u2019experi\u00e8ncia.<\/p>\n\n\n\n<p>Aix\u00ed, la intervenci\u00f3 de Mario Conde ha generat gran expectaci\u00f3 i ha congregat a centenars de persones procedents de Nules i d\u2019altres poblacions que han volgut compartir amb Conde aquesta jornada, i escoltar la seua traject\u00f2ria, experi\u00e8ncia vital i capacitat anal\u00edtica.<\/p>\n\n\n\n<p>Mario Conde va ser advocat de l\u2019Estat, el m\u00e9s jove d\u2019Espanya en el seu moment, empresari i president d\u2019una de les principals entitats banc\u00e0ries del pa\u00eds durant els anys 80, anys en els quals tamb\u00e9 es va convertir en el president m\u00e9s jove a ocupar aquest c\u00e0rrec.<\/p>\n\n\n\n<p>Cal recordar que, el Cicle de Confer\u00e8ncies \u00c0gora Nules \u00e9s un espai que naix amb el prop\u00f2sit de fomentar la trobada, el di\u00e0leg ser\u00e8, l\u2019escolta activa i la reflexi\u00f3 compartida. Es tracta, en definitiva, d\u2019un cicle que impulsa l\u2019Ajuntament de Nules amb la col\u00b7laboraci\u00f3 de l\u2019Associaci\u00f3 Empresarial de Nules i de la UNED Castell\u00f3-Vila-real, i que vol consolidar-se com un f\u00f2rum de pluralitat i pensament lliure.<\/p>\n\n\n\n<p><\/p>\n","protected":false},"excerpt":{"rendered":"<p>Ha impartit una confer\u00e8ncia emmarcada en el cicle \u00c0gora Nules Pensar per un mateix, q\u00fcestionar, comprendre abans de jutjar, i construir una ciutadania m\u00e9s lliure, m\u00e9s informada i m\u00e9s conscient s\u00f3n aspectes que formen part de la filosofia del cicle de confer\u00e8ncies \u00c0gora Nules, de fet la pon\u00e8ncia impartida hui per Mario Conde, \u201cMente cr\u00edtica &#8230; <a title=\"Mario Conde genera gran expectaci\u00f3 i congrega a centenars de persones a Nules\" class=\"read-more\" href=\"https:\/\/elcafedepipa.com\/index.php\/2026\/03\/03\/mario-conde-genera-gran-expectacio-i-congrega-a-centenars-de-persones-a-nules\/\" aria-label=\"M\u00e9s informaci\u00f3 sobre Mario Conde genera gran expectaci\u00f3 i congrega a centenars de persones a Nules\">Read more<\/a><\/p>\n","protected":false},"author":2,"featured_media":22385,"comment_status":"closed","ping_status":"closed","sticky":false,"template":"","format":"standard","meta":{"om_disable_all_campaigns":false,"_monsterinsights_skip_tracking":false,"_monsterinsights_sitenote_active":false,"_monsterinsights_sitenote_note":"","_monsterinsights_sitenote_category":0,"_uf_show_specific_survey":0,"_uf_disable_surveys":false,"footnotes":""},"categories":[3],"tags":[],"class_list":["post-22384","post","type-post","status-publish","format-standard","has-post-thumbnail","hentry","category-nules"],"_links":{"self":[{"href":"https:\/\/elcafedepipa.com\/index.php\/wp-json\/wp\/v2\/posts\/22384","targetHints":{"allow":["GET"]}}],"collection":[{"href":"https:\/\/elcafedepipa.com\/index.php\/wp-json\/wp\/v2\/posts"}],"about":[{"href":"https:\/\/elcafedepipa.com\/index.php\/wp-json\/wp\/v2\/types\/post"}],"author":[{"embeddable":true,"href":"https:\/\/elcafedepipa.com\/index.php\/wp-json\/wp\/v2\/users\/2"}],"replies":[{"embeddable":true,"href":"https:\/\/elcafedepipa.com\/index.php\/wp-json\/wp\/v2\/comments?post=22384"}],"version-history":[{"count":1,"href":"https:\/\/elcafedepipa.com\/index.php\/wp-json\/wp\/v2\/posts\/22384\/revisions"}],"predecessor-version":[{"id":22386,"href":"https:\/\/elcafedepipa.com\/index.php\/wp-json\/wp\/v2\/posts\/22384\/revisions\/22386"}],"wp:featuredmedia":[{"embeddable":true,"href":"https:\/\/elcafedepipa.com\/index.php\/wp-json\/wp\/v2\/media\/22385"}],"wp:attachment":[{"href":"https:\/\/elcafedepipa.com\/index.php\/wp-json\/wp\/v2\/media?parent=22384"}],"wp:term":[{"taxonomy":"category","embeddable":true,"href":"https:\/\/elcafedepipa.com\/index.php\/wp-json\/wp\/v2\/categories?post=22384"},{"taxonomy":"post_tag","embeddable":true,"href":"https:\/\/elcafedepipa.com\/index.php\/wp-json\/wp\/v2\/tags?post=22384"}],"curies":[{"name":"wp","href":"https:\/\/api.w.org\/{rel}","templated":true}]}}