{"id":2229,"date":"2024-06-21T15:43:32","date_gmt":"2024-06-21T13:43:32","guid":{"rendered":"https:\/\/elcafedepipa.com\/?p=2229"},"modified":"2024-06-21T15:43:34","modified_gmt":"2024-06-21T13:43:34","slug":"podcast-la-tertulia-divendres-21-de-juny-2024","status":"publish","type":"post","link":"https:\/\/elcafedepipa.com\/index.php\/2024\/06\/21\/podcast-la-tertulia-divendres-21-de-juny-2024\/","title":{"rendered":"Podcast | La tert\u00falia (divendres 21 de juny 2024)"},"content":{"rendered":"\n<p>\u00c0UDIO | Com cada setmana, tanquem amb Vicent Aparici, Rafa Orenga i Josep Tur a la tert\u00falia informativa. En aquesta ocasi\u00f3, amb el primer tinent d&#8217;alcaldessa, Fernando Dar\u00f2s, com a convidat especial.<\/p>\n\n\n\n<figure class=\"wp-block-audio\"><audio controls src=\"https:\/\/elcafedepipa.com\/wp-content\/uploads\/2024\/06\/tertulia21juny.mp3\"><\/audio><\/figure>\n","protected":false},"excerpt":{"rendered":"<p>\u00c0UDIO | Com cada setmana, tanquem amb Vicent Aparici, Rafa Orenga i Josep Tur a la tert\u00falia informativa. En aquesta ocasi\u00f3, amb el primer tinent d&#8217;alcaldessa, Fernando Dar\u00f2s, com a convidat especial.<\/p>\n","protected":false},"author":2,"featured_media":0,"comment_status":"closed","ping_status":"closed","sticky":false,"template":"","format":"standard","meta":{"om_disable_all_campaigns":false,"_monsterinsights_skip_tracking":false,"_monsterinsights_sitenote_active":false,"_monsterinsights_sitenote_note":"","_monsterinsights_sitenote_category":0,"_uf_show_specific_survey":0,"_uf_disable_surveys":false,"footnotes":""},"categories":[2],"tags":[],"class_list":["post-2229","post","type-post","status-publish","format-standard","hentry","category-lavallduixo"],"_links":{"self":[{"href":"https:\/\/elcafedepipa.com\/index.php\/wp-json\/wp\/v2\/posts\/2229","targetHints":{"allow":["GET"]}}],"collection":[{"href":"https:\/\/elcafedepipa.com\/index.php\/wp-json\/wp\/v2\/posts"}],"about":[{"href":"https:\/\/elcafedepipa.com\/index.php\/wp-json\/wp\/v2\/types\/post"}],"author":[{"embeddable":true,"href":"https:\/\/elcafedepipa.com\/index.php\/wp-json\/wp\/v2\/users\/2"}],"replies":[{"embeddable":true,"href":"https:\/\/elcafedepipa.com\/index.php\/wp-json\/wp\/v2\/comments?post=2229"}],"version-history":[{"count":0,"href":"https:\/\/elcafedepipa.com\/index.php\/wp-json\/wp\/v2\/posts\/2229\/revisions"}],"wp:attachment":[{"href":"https:\/\/elcafedepipa.com\/index.php\/wp-json\/wp\/v2\/media?parent=2229"}],"wp:term":[{"taxonomy":"category","embeddable":true,"href":"https:\/\/elcafedepipa.com\/index.php\/wp-json\/wp\/v2\/categories?post=2229"},{"taxonomy":"post_tag","embeddable":true,"href":"https:\/\/elcafedepipa.com\/index.php\/wp-json\/wp\/v2\/tags?post=2229"}],"curies":[{"name":"wp","href":"https:\/\/api.w.org\/{rel}","templated":true}]}}