{"id":22269,"date":"2026-02-26T14:13:38","date_gmt":"2026-02-26T13:13:38","guid":{"rendered":"https:\/\/elcafedepipa.com\/?p=22269"},"modified":"2026-02-26T14:14:59","modified_gmt":"2026-02-26T13:14:59","slug":"20-persones-desocupades-completen-la-seua-formacio-i-reben-el-certificat-de-professionalitat","status":"publish","type":"post","link":"https:\/\/elcafedepipa.com\/index.php\/2026\/02\/26\/20-persones-desocupades-completen-la-seua-formacio-i-reben-el-certificat-de-professionalitat\/","title":{"rendered":"20 persones desocupades completen la seua formaci\u00f3 i reben el certificat de professionalitat a Nules"},"content":{"rendered":"\n<p class=\"wp-block-paragraph\">Es tanca L\u2019Escola Taller de Nules on s\u2019han impartit les especialitats d\u2019electricitat i fontaneria<\/p>\n\n\n\n<p class=\"wp-block-paragraph\">Un total de 20 persones desocupades del municipi han rebut el certificat de professionalitat en les especialitats d\u2019electricitat i fontaneria. En concret, es tracta de l\u2019alumnat de l\u2019Escola Taller Nules 2024 que al llarg d\u2019un any s\u2019ha format amb l\u2019objectiu de millorar la seua ocupabilitat.<\/p>\n\n\n\n<p class=\"wp-block-paragraph\">De fet, ha estat la regidora de Pol\u00edtiques d\u2019Ocupaci\u00f3, Rosa Ventura, juntament amb el director territorial d\u2019Ocupaci\u00f3 i Labora, Luis Chiva, i l\u2019equip directiu i docent d\u2019aquest projecte d\u2019ocupaci\u00f3 les persones encarregades de lliurar a l\u2019alumnat el seu certificat de professionalitat. A m\u00e9s, tamb\u00e9 han assistit a l\u2019acte de cloenda la cap del servei territorial de Labora, Rosario Tena, i diferents regidors i regidores de la Corporaci\u00f3 Municipal.<\/p>\n\n\n\n<p class=\"wp-block-paragraph\">Aix\u00ed, en tot aquest temps l\u2019alumnat ha realitzat a la localitat diferents actuacions relacionades amb les seues especialitats com ara la rehabilitaci\u00f3 de l\u2019edifici municipal d\u2019associacions.<\/p>\n\n\n\n<p class=\"wp-block-paragraph\">De fet, aquest projecte ha tingut un cost total de 483.762 euros que han estat subvencionats pel Servei Valenci\u00e0 d\u2019Ocupaci\u00f3 i Formaci\u00f3 (LABORA) de la Generalitat Valenciana.<\/p>\n\n\n\n<p class=\"wp-block-paragraph\">Sobre aix\u00f2, des de l\u2019Ajuntament de Nules, la regidora de Pol\u00edtiques d\u2019Ocupaci\u00f3, Rosa Ventura, explica que \u201caquests tallers possibiliten a l\u2019alumnat-persones treballadores tindre un treball efectiu amb un contracte de formaci\u00f3 i d\u2019aprenentatge amb el qual es pret\u00e9n millorar la seua qualificaci\u00f3 professional i afavorir aix\u00ed la seua ocupaci\u00f3. Des de l\u2019ajuntament seguim treballant per a que Nules segueixi beneficiant-se d\u2019aquests tipus de programes d\u2019ocupaci\u00f3\u201d.<\/p>\n","protected":false},"excerpt":{"rendered":"<p>Es tanca L\u2019Escola Taller de Nules on s\u2019han impartit les especialitats d\u2019electricitat i fontaneria Un total de 20 persones desocupades del municipi han rebut el certificat de professionalitat en les especialitats d\u2019electricitat i fontaneria. En concret, es tracta de l\u2019alumnat de l\u2019Escola Taller Nules 2024 que al llarg d\u2019un any s\u2019ha format amb l\u2019objectiu de &#8230; <a title=\"20 persones desocupades completen la seua formaci\u00f3 i reben el certificat de professionalitat a Nules\" class=\"read-more\" href=\"https:\/\/elcafedepipa.com\/index.php\/2026\/02\/26\/20-persones-desocupades-completen-la-seua-formacio-i-reben-el-certificat-de-professionalitat\/\" aria-label=\"M\u00e9s informaci\u00f3 sobre 20 persones desocupades completen la seua formaci\u00f3 i reben el certificat de professionalitat a Nules\">Read more<\/a><\/p>\n","protected":false},"author":2,"featured_media":22270,"comment_status":"closed","ping_status":"closed","sticky":false,"template":"","format":"standard","meta":{"om_disable_all_campaigns":false,"_monsterinsights_skip_tracking":false,"_uf_show_specific_survey":0,"_uf_disable_surveys":false,"slim_seo":{"title":"20 persones desocupades completen la seua formaci\u00f3 i reben el certificat de professionalitat a Nules - El caf\u00e9 de Pipa","description":"Es tanca L\u2019Escola Taller de Nules on s\u2019han impartit les especialitats d\u2019electricitat i fontaneria Un total de 20 persones desocupades del municipi han rebut el"},"footnotes":""},"categories":[3],"tags":[],"ppma_author":[74],"class_list":["post-22269","post","type-post","status-publish","format-standard","has-post-thumbnail","hentry","category-nules"],"distributor_meta":false,"distributor_terms":false,"distributor_media":false,"distributor_original_site_name":"El caf\u00e9 de Pipa","distributor_original_site_url":"https:\/\/elcafedepipa.com","push-errors":false,"authors":[{"term_id":74,"user_id":2,"is_guest":0,"slug":"radiolavallduixo","display_name":"Vicent Arnau Forner","avatar_url":"https:\/\/secure.gravatar.com\/avatar\/26a27d13d194fc3b4d2a7a933a63466fa1af911ef6eac8a107691f6aeb82d442?s=96&d=mm&r=g","author_category":"","first_name":"ecdp","last_name":"","user_url":"http:\/\/www.elcafedepipa.com","job_title":"","description":""}],"_links":{"self":[{"href":"https:\/\/elcafedepipa.com\/index.php\/wp-json\/wp\/v2\/posts\/22269","targetHints":{"allow":["GET"]}}],"collection":[{"href":"https:\/\/elcafedepipa.com\/index.php\/wp-json\/wp\/v2\/posts"}],"about":[{"href":"https:\/\/elcafedepipa.com\/index.php\/wp-json\/wp\/v2\/types\/post"}],"author":[{"embeddable":true,"href":"https:\/\/elcafedepipa.com\/index.php\/wp-json\/wp\/v2\/users\/2"}],"replies":[{"embeddable":true,"href":"https:\/\/elcafedepipa.com\/index.php\/wp-json\/wp\/v2\/comments?post=22269"}],"version-history":[{"count":2,"href":"https:\/\/elcafedepipa.com\/index.php\/wp-json\/wp\/v2\/posts\/22269\/revisions"}],"predecessor-version":[{"id":22272,"href":"https:\/\/elcafedepipa.com\/index.php\/wp-json\/wp\/v2\/posts\/22269\/revisions\/22272"}],"wp:featuredmedia":[{"embeddable":true,"href":"https:\/\/elcafedepipa.com\/index.php\/wp-json\/wp\/v2\/media\/22270"}],"wp:attachment":[{"href":"https:\/\/elcafedepipa.com\/index.php\/wp-json\/wp\/v2\/media?parent=22269"}],"wp:term":[{"taxonomy":"category","embeddable":true,"href":"https:\/\/elcafedepipa.com\/index.php\/wp-json\/wp\/v2\/categories?post=22269"},{"taxonomy":"post_tag","embeddable":true,"href":"https:\/\/elcafedepipa.com\/index.php\/wp-json\/wp\/v2\/tags?post=22269"},{"taxonomy":"author","embeddable":true,"href":"https:\/\/elcafedepipa.com\/index.php\/wp-json\/wp\/v2\/ppma_author?post=22269"}],"curies":[{"name":"wp","href":"https:\/\/api.w.org\/{rel}","templated":true}]}}