{"id":22189,"date":"2026-02-25T10:09:01","date_gmt":"2026-02-25T09:09:01","guid":{"rendered":"https:\/\/elcafedepipa.com\/?p=22189"},"modified":"2026-02-25T10:09:12","modified_gmt":"2026-02-25T09:09:12","slug":"tallada-lap-7-a-moncofa-per-un-accident-de-transit","status":"publish","type":"post","link":"https:\/\/elcafedepipa.com\/index.php\/2026\/02\/25\/tallada-lap-7-a-moncofa-per-un-accident-de-transit\/","title":{"rendered":"Tallada l\u2019AP-7 a Moncofa per un accident de tr\u00e0nsit"},"content":{"rendered":"\n<p class=\"wp-block-paragraph\">La circulaci\u00f3 ha quedat interrompuda a l\u2019AP-7 al seu pas per la prov\u00edncia de Castell\u00f3n, concretament al terme municipal de Moncofa, a causa d\u2019un accident de tr\u00e0nsit.<\/p>\n\n\n\n<p class=\"wp-block-paragraph\">El tall afecta el punt quilom\u00e8tric 455, segons han informat fonts de tr\u00e0nsit.<\/p>\n\n\n\n<p class=\"wp-block-paragraph\">Com a itineraris alternatius, es recomana circular per l\u2019A-7 i la N-225 mentre duren les tasques d\u2019assist\u00e8ncia i retirada dels vehicles implicats.<\/p>\n\n\n\n<p class=\"wp-block-paragraph\">Les autoritats demanen precauci\u00f3 als conductors i atenci\u00f3 a la senyalitzaci\u00f3 provisional instal\u00b7lada a la zona.<\/p>\n","protected":false},"excerpt":{"rendered":"<p>La circulaci\u00f3 ha quedat interrompuda a l\u2019AP-7 al seu pas per la prov\u00edncia de Castell\u00f3n, concretament al terme municipal de Moncofa, a causa d\u2019un accident de tr\u00e0nsit. El tall afecta el punt quilom\u00e8tric 455, segons han informat fonts de tr\u00e0nsit. Com a itineraris alternatius, es recomana circular per l\u2019A-7 i la N-225 mentre duren les &#8230; <a title=\"Tallada l\u2019AP-7 a Moncofa per un accident de tr\u00e0nsit\" class=\"read-more\" href=\"https:\/\/elcafedepipa.com\/index.php\/2026\/02\/25\/tallada-lap-7-a-moncofa-per-un-accident-de-transit\/\" aria-label=\"M\u00e9s informaci\u00f3 sobre Tallada l\u2019AP-7 a Moncofa per un accident de tr\u00e0nsit\">Read more<\/a><\/p>\n","protected":false},"author":2,"featured_media":22190,"comment_status":"closed","ping_status":"closed","sticky":false,"template":"","format":"standard","meta":{"om_disable_all_campaigns":false,"_monsterinsights_skip_tracking":false,"_uf_show_specific_survey":0,"_uf_disable_surveys":false,"slim_seo":{"title":"Tallada l\u2019AP-7 a Moncofa per un accident de tr\u00e0nsit - El caf\u00e9 de Pipa","description":"La circulaci\u00f3 ha quedat interrompuda a l\u2019AP-7 al seu pas per la prov\u00edncia de Castell\u00f3n, concretament al terme municipal de Moncofa, a causa d\u2019un accident de tr\u00e0"},"footnotes":""},"categories":[4],"tags":[],"ppma_author":[74],"class_list":["post-22189","post","type-post","status-publish","format-standard","has-post-thumbnail","hentry","category-moncofa"],"distributor_meta":false,"distributor_terms":false,"distributor_media":false,"distributor_original_site_name":"El caf\u00e9 de Pipa","distributor_original_site_url":"https:\/\/elcafedepipa.com","push-errors":false,"authors":[{"term_id":74,"user_id":2,"is_guest":0,"slug":"radiolavallduixo","display_name":"Vicent Arnau Forner","avatar_url":"https:\/\/secure.gravatar.com\/avatar\/26a27d13d194fc3b4d2a7a933a63466fa1af911ef6eac8a107691f6aeb82d442?s=96&d=mm&r=g","author_category":"","first_name":"ecdp","last_name":"","user_url":"http:\/\/www.elcafedepipa.com","job_title":"","description":""}],"_links":{"self":[{"href":"https:\/\/elcafedepipa.com\/index.php\/wp-json\/wp\/v2\/posts\/22189","targetHints":{"allow":["GET"]}}],"collection":[{"href":"https:\/\/elcafedepipa.com\/index.php\/wp-json\/wp\/v2\/posts"}],"about":[{"href":"https:\/\/elcafedepipa.com\/index.php\/wp-json\/wp\/v2\/types\/post"}],"author":[{"embeddable":true,"href":"https:\/\/elcafedepipa.com\/index.php\/wp-json\/wp\/v2\/users\/2"}],"replies":[{"embeddable":true,"href":"https:\/\/elcafedepipa.com\/index.php\/wp-json\/wp\/v2\/comments?post=22189"}],"version-history":[{"count":1,"href":"https:\/\/elcafedepipa.com\/index.php\/wp-json\/wp\/v2\/posts\/22189\/revisions"}],"predecessor-version":[{"id":22191,"href":"https:\/\/elcafedepipa.com\/index.php\/wp-json\/wp\/v2\/posts\/22189\/revisions\/22191"}],"wp:featuredmedia":[{"embeddable":true,"href":"https:\/\/elcafedepipa.com\/index.php\/wp-json\/wp\/v2\/media\/22190"}],"wp:attachment":[{"href":"https:\/\/elcafedepipa.com\/index.php\/wp-json\/wp\/v2\/media?parent=22189"}],"wp:term":[{"taxonomy":"category","embeddable":true,"href":"https:\/\/elcafedepipa.com\/index.php\/wp-json\/wp\/v2\/categories?post=22189"},{"taxonomy":"post_tag","embeddable":true,"href":"https:\/\/elcafedepipa.com\/index.php\/wp-json\/wp\/v2\/tags?post=22189"},{"taxonomy":"author","embeddable":true,"href":"https:\/\/elcafedepipa.com\/index.php\/wp-json\/wp\/v2\/ppma_author?post=22189"}],"curies":[{"name":"wp","href":"https:\/\/api.w.org\/{rel}","templated":true}]}}