{"id":22186,"date":"2026-02-25T09:20:43","date_gmt":"2026-02-25T08:20:43","guid":{"rendered":"https:\/\/elcafedepipa.com\/?p=22186"},"modified":"2026-02-25T09:20:54","modified_gmt":"2026-02-25T08:20:54","slug":"la-diputacio-suma-sinergies-amb-fepeval-per-a-reforcar-la-competitivitat-de-les-arees-industrials-de-la-provincia-de-castello","status":"publish","type":"post","link":"https:\/\/elcafedepipa.com\/index.php\/2026\/02\/25\/la-diputacio-suma-sinergies-amb-fepeval-per-a-reforcar-la-competitivitat-de-les-arees-industrials-de-la-provincia-de-castello\/","title":{"rendered":"La Diputaci\u00f3 suma sinergies amb Fepeval per a refor\u00e7ar la competitivitat de les \u00e0rees industrials de la prov\u00edncia de Castell\u00f3"},"content":{"rendered":"\n<p class=\"wp-block-paragraph\"><strong>La Diputaci\u00f3 suma sinergies amb Fepeval per a refor\u00e7ar la competitivitat de les \u00e0rees industrials de la prov\u00edncia de Castell\u00f3.<\/strong><\/p>\n\n\n\n<p class=\"wp-block-paragraph\"><strong>La presidenta de la instituci\u00f3 provincial, Marta Barrachina, s&#8217;ha reunit este dimarts amb la Federaci\u00f3 de Pol\u00edgons Empresarials de la Comunitat Valenciana (Fepeval) per a abordar el Pla Futur Prov\u00edncia amb l&#8217;objectiu posat a donar impuls econ\u00f2mic, modernitzaci\u00f3 i millora de competitivitat de les \u00e0rees industrials de Castell\u00f3.<\/strong><\/p>\n\n\n\n<p class=\"wp-block-paragraph\"><strong>La dirigent provincial ha posat en valor el treball conjunt i la col\u00b7laboraci\u00f3 p\u00fablic-privada amb Fepeval, entitat que treballa per a millorar la gesti\u00f3, infraestructures i competitivitat d&#8217;\u00e0rees industrials. \u201cDes de la instituci\u00f3 provincial reforcem la nostra defensa per impulsar actuacions dirigides a les \u00e0rees industrials, motors econ\u00f2mics, de promoci\u00f3 d&#8217;ocupaci\u00f3 i que contribu\u00efxen de manera m\u00e9s que notable a fixar poblaci\u00f3 en els municipis de la prov\u00edncia\u201d, ha expressat Marta Barrachina.<\/strong><\/p>\n\n\n\n<p class=\"wp-block-paragraph\"><strong>Aix\u00ed, durant la trobada la presidenta de la Diputaci\u00f3 ha traslladat als representants de Fepeval la import\u00e0ncia del Pla Futur Prov\u00edncia per a l&#8217;atracci\u00f3 d&#8217;inversions industrials a la prov\u00edncia.<\/strong><\/p>\n\n\n\n<p class=\"wp-block-paragraph\"><strong>I \u00e9s que el Pla Futur Prov\u00edncia refor\u00e7a l&#8217;estrat\u00e8gia de la instituci\u00f3 provincial per a consolidar un model de creixement sostenible, fomentar la innovaci\u00f3 i garantir que cada projecte industrial tinga un impacte durador a la prov\u00edncia de Castell\u00f3.<\/strong><\/p>\n","protected":false},"excerpt":{"rendered":"<p>La Diputaci\u00f3 suma sinergies amb Fepeval per a refor\u00e7ar la competitivitat de les \u00e0rees industrials de la prov\u00edncia de Castell\u00f3. La presidenta de la instituci\u00f3 provincial, Marta Barrachina, s&#8217;ha reunit este dimarts amb la Federaci\u00f3 de Pol\u00edgons Empresarials de la Comunitat Valenciana (Fepeval) per a abordar el Pla Futur Prov\u00edncia amb l&#8217;objectiu posat a donar &#8230; <a title=\"La Diputaci\u00f3 suma sinergies amb Fepeval per a refor\u00e7ar la competitivitat de les \u00e0rees industrials de la prov\u00edncia de Castell\u00f3\" class=\"read-more\" href=\"https:\/\/elcafedepipa.com\/index.php\/2026\/02\/25\/la-diputacio-suma-sinergies-amb-fepeval-per-a-reforcar-la-competitivitat-de-les-arees-industrials-de-la-provincia-de-castello\/\" aria-label=\"M\u00e9s informaci\u00f3 sobre La Diputaci\u00f3 suma sinergies amb Fepeval per a refor\u00e7ar la competitivitat de les \u00e0rees industrials de la prov\u00edncia de Castell\u00f3\">Read more<\/a><\/p>\n","protected":false},"author":2,"featured_media":22187,"comment_status":"closed","ping_status":"closed","sticky":false,"template":"","format":"standard","meta":{"om_disable_all_campaigns":false,"_monsterinsights_skip_tracking":false,"_uf_show_specific_survey":0,"_uf_disable_surveys":false,"slim_seo":{"title":"La Diputaci\u00f3 suma sinergies amb Fepeval per a refor\u00e7ar la competitivitat de les \u00e0rees industrials de la prov\u00edncia de Castell\u00f3 - El caf\u00e9 de Pipa","description":"La Diputaci\u00f3 suma sinergies amb Fepeval per a refor\u00e7ar la competitivitat de les \u00e0rees industrials de la prov\u00edncia de Castell\u00f3. La presidenta de la instituci\u00f3 pr"},"footnotes":""},"categories":[10],"tags":[],"ppma_author":[74],"class_list":["post-22186","post","type-post","status-publish","format-standard","has-post-thumbnail","hentry","category-provinciadecastello"],"distributor_meta":false,"distributor_terms":false,"distributor_media":false,"distributor_original_site_name":"El caf\u00e9 de Pipa","distributor_original_site_url":"https:\/\/elcafedepipa.com","push-errors":false,"authors":[{"term_id":74,"user_id":2,"is_guest":0,"slug":"radiolavallduixo","display_name":"Vicent Arnau Forner","avatar_url":"https:\/\/secure.gravatar.com\/avatar\/26a27d13d194fc3b4d2a7a933a63466fa1af911ef6eac8a107691f6aeb82d442?s=96&d=mm&r=g","author_category":"","first_name":"ecdp","last_name":"","user_url":"http:\/\/www.elcafedepipa.com","job_title":"","description":""}],"_links":{"self":[{"href":"https:\/\/elcafedepipa.com\/index.php\/wp-json\/wp\/v2\/posts\/22186","targetHints":{"allow":["GET"]}}],"collection":[{"href":"https:\/\/elcafedepipa.com\/index.php\/wp-json\/wp\/v2\/posts"}],"about":[{"href":"https:\/\/elcafedepipa.com\/index.php\/wp-json\/wp\/v2\/types\/post"}],"author":[{"embeddable":true,"href":"https:\/\/elcafedepipa.com\/index.php\/wp-json\/wp\/v2\/users\/2"}],"replies":[{"embeddable":true,"href":"https:\/\/elcafedepipa.com\/index.php\/wp-json\/wp\/v2\/comments?post=22186"}],"version-history":[{"count":1,"href":"https:\/\/elcafedepipa.com\/index.php\/wp-json\/wp\/v2\/posts\/22186\/revisions"}],"predecessor-version":[{"id":22188,"href":"https:\/\/elcafedepipa.com\/index.php\/wp-json\/wp\/v2\/posts\/22186\/revisions\/22188"}],"wp:featuredmedia":[{"embeddable":true,"href":"https:\/\/elcafedepipa.com\/index.php\/wp-json\/wp\/v2\/media\/22187"}],"wp:attachment":[{"href":"https:\/\/elcafedepipa.com\/index.php\/wp-json\/wp\/v2\/media?parent=22186"}],"wp:term":[{"taxonomy":"category","embeddable":true,"href":"https:\/\/elcafedepipa.com\/index.php\/wp-json\/wp\/v2\/categories?post=22186"},{"taxonomy":"post_tag","embeddable":true,"href":"https:\/\/elcafedepipa.com\/index.php\/wp-json\/wp\/v2\/tags?post=22186"},{"taxonomy":"author","embeddable":true,"href":"https:\/\/elcafedepipa.com\/index.php\/wp-json\/wp\/v2\/ppma_author?post=22186"}],"curies":[{"name":"wp","href":"https:\/\/api.w.org\/{rel}","templated":true}]}}