{"id":2201,"date":"2024-06-21T09:53:19","date_gmt":"2024-06-21T07:53:19","guid":{"rendered":"https:\/\/elcafedepipa.com\/?p=2201"},"modified":"2024-06-21T09:53:21","modified_gmt":"2024-06-21T07:53:21","slug":"nules-inicia-un-programa-de-neteja-de-parcelles-rustiques","status":"publish","type":"post","link":"https:\/\/elcafedepipa.com\/index.php\/2024\/06\/21\/nules-inicia-un-programa-de-neteja-de-parcelles-rustiques\/","title":{"rendered":"Nules inicia un programa de neteja de parcel\u00b7les r\u00fastiques"},"content":{"rendered":"\n<p style=\"font-size:24px\"><strong>Es vol reduir al m\u00e0xim la quantitat de finques en situaci\u00f3 d\u2019aband\u00f3 i possibilitar posar-les en producci\u00f3<\/strong><\/p>\n\n\n\n<p>L\u2019Ajuntament de Nules ha iniciat un programa de neteja de parcel\u00b7les r\u00fastiques amb l\u2019objectiu de reduir al m\u00e0xim la quantitat de finques abandonades.<\/p>\n\n\n\n<p>Des de la regidoria d\u2019Agricultura s\u2019insta els propietaris a netejar les seues parcel\u00b7les eliminant la vegetaci\u00f3 existent amb trituradora per evitar el risc d\u2019incendi o la proliferaci\u00f3 de plagues a les parcel\u00b7les ve\u00efnes. &#8220;Despr\u00e9s de la inspecci\u00f3 corresponent, volem evitar que aquestes parcel\u00b7les es convertisquen en refugis de conills, garses o senglars, per aix\u00f2 farem complir l\u2019ordenan\u00e7a municipal perqu\u00e8 es mantinguen netes&#8221;, explica el regidor C\u00e9sar Esta\u00f1ol.<\/p>\n\n\n\n<p>L\u2019Ordenan\u00e7a Municipal reguladora dels Usos i Costums del Medi Rural de Nules obliga els propietaris a mantenir els seus terrenys en condicions de seguretat i salubritat, establint la necessitat d\u2019escometre o promoure els treballs de desbrossament i neteja, aix\u00ed com la retirada d\u2019arbrat de cultiu abandonat i restes d\u2019escombraries, a m\u00e9s del seu posterior manteniment. Fins i tot s\u2019ofereix un preu p\u00fablic perqu\u00e8 el consistori realitze aquests treballs.<\/p>\n\n\n\n<p>Aquest programa tamb\u00e9 ofereix la possibilitat d\u2019inscriure les parcel\u00b7les en el Banc de Terres de l\u2019Ajuntament per facilitar el contacte amb persones interessades en llogar-les per a l\u2019explotaci\u00f3 agr\u00edcola.<\/p>\n\n\n\n<p>L\u2019objectiu final \u00e9s aconseguir que les finques abandonades passen a estar en producci\u00f3. &#8220;Sabem que hi ha m\u00e9s demanda que oferta de parcel\u00b7les, per tant, no t\u00e9 sentit que hi haja finques abandonades quan hi ha gent interessada a posar-les en producci\u00f3. Si els propietaris no volen inscriure les seues parcel\u00b7les en el Banc de Terres, com a m\u00ednim han de netejar-les per evitar els danys que provoca el seu aband\u00f3.&#8221;assenyala Esta\u00f1ol. <\/p>\n","protected":false},"excerpt":{"rendered":"<p>Es vol reduir al m\u00e0xim la quantitat de finques en situaci\u00f3 d\u2019aband\u00f3 i possibilitar posar-les en producci\u00f3 L\u2019Ajuntament de Nules ha iniciat un programa de neteja de parcel\u00b7les r\u00fastiques amb l\u2019objectiu de reduir al m\u00e0xim la quantitat de finques abandonades. Des de la regidoria d\u2019Agricultura s\u2019insta els propietaris a netejar les seues parcel\u00b7les eliminant la &#8230; <a title=\"Nules inicia un programa de neteja de parcel\u00b7les r\u00fastiques\" class=\"read-more\" href=\"https:\/\/elcafedepipa.com\/index.php\/2024\/06\/21\/nules-inicia-un-programa-de-neteja-de-parcelles-rustiques\/\" aria-label=\"M\u00e9s informaci\u00f3 sobre Nules inicia un programa de neteja de parcel\u00b7les r\u00fastiques\">Read more<\/a><\/p>\n","protected":false},"author":2,"featured_media":0,"comment_status":"closed","ping_status":"closed","sticky":false,"template":"","format":"standard","meta":{"om_disable_all_campaigns":false,"_monsterinsights_skip_tracking":false,"_monsterinsights_sitenote_active":false,"_monsterinsights_sitenote_note":"","_monsterinsights_sitenote_category":0,"_uf_show_specific_survey":0,"_uf_disable_surveys":false,"footnotes":""},"categories":[3],"tags":[],"class_list":["post-2201","post","type-post","status-publish","format-standard","hentry","category-nules"],"_links":{"self":[{"href":"https:\/\/elcafedepipa.com\/index.php\/wp-json\/wp\/v2\/posts\/2201","targetHints":{"allow":["GET"]}}],"collection":[{"href":"https:\/\/elcafedepipa.com\/index.php\/wp-json\/wp\/v2\/posts"}],"about":[{"href":"https:\/\/elcafedepipa.com\/index.php\/wp-json\/wp\/v2\/types\/post"}],"author":[{"embeddable":true,"href":"https:\/\/elcafedepipa.com\/index.php\/wp-json\/wp\/v2\/users\/2"}],"replies":[{"embeddable":true,"href":"https:\/\/elcafedepipa.com\/index.php\/wp-json\/wp\/v2\/comments?post=2201"}],"version-history":[{"count":0,"href":"https:\/\/elcafedepipa.com\/index.php\/wp-json\/wp\/v2\/posts\/2201\/revisions"}],"wp:attachment":[{"href":"https:\/\/elcafedepipa.com\/index.php\/wp-json\/wp\/v2\/media?parent=2201"}],"wp:term":[{"taxonomy":"category","embeddable":true,"href":"https:\/\/elcafedepipa.com\/index.php\/wp-json\/wp\/v2\/categories?post=2201"},{"taxonomy":"post_tag","embeddable":true,"href":"https:\/\/elcafedepipa.com\/index.php\/wp-json\/wp\/v2\/tags?post=2201"}],"curies":[{"name":"wp","href":"https:\/\/api.w.org\/{rel}","templated":true}]}}