{"id":2197,"date":"2024-06-21T09:46:16","date_gmt":"2024-06-21T07:46:16","guid":{"rendered":"https:\/\/elcafedepipa.com\/?p=2197"},"modified":"2024-06-21T09:46:18","modified_gmt":"2024-06-21T07:46:18","slug":"lajuntament-de-la-vall-duixo-inicia-la-campanya-altaveu-cultural","status":"publish","type":"post","link":"https:\/\/elcafedepipa.com\/index.php\/2024\/06\/21\/lajuntament-de-la-vall-duixo-inicia-la-campanya-altaveu-cultural\/","title":{"rendered":"L&#8217;Ajuntament de la Vall d&#8217;Uix\u00f3 inicia la campanya &#8220;Altaveu Cultural&#8221;"},"content":{"rendered":"\n<h4 class=\"wp-block-heading\" style=\"font-size:24px\"><strong>La ciutadania ja pot realitzar una enquesta en l\u00ednia per obrir la programaci\u00f3 cultural<\/strong><\/h4>\n\n\n\n<p>L&#8217;Ajuntament de la Vall d\u2019Uix\u00f3 ha iniciat la campanya de participaci\u00f3 \u2018Altaveu Cultural\u2019 amb enquestes per escoltar les necessitats de la ciutadania sobre la programaci\u00f3 i activitats culturals, com s&#8217;organitzen, quin tipus de cultura consumeixen i en quines instal\u00b7lacions, segons el regidor de Cultura, Jorge Marqu\u00e9s.<\/p>\n\n\n\n<p>Aquest projecte \u00e9s part del pla Amor a les Arts, llan\u00e7at a principis d&#8217;any per fer la cultura m\u00e9s accessible i democr\u00e0tica. En una primera fase, les associacions i membres del Consell Municipal de Cultura han fet propostes.<\/p>\n\n\n\n<p>Ara, en la segona fase, s&#8217;ha habilitat una enquesta en l\u00ednia perqu\u00e8 la ciutadania done la seua opini\u00f3 de manera senzilla. L&#8217;enlla\u00e7 per participar \u00e9s: <a href=\"https:\/\/tinyurl.com\/mt4wdn23\">https:\/\/tinyurl.com\/mt4wdn23<\/a>, dif\u00f3s a trav\u00e9s de xarxes socials i codis QR en cartells.<\/p>\n\n\n\n<p>La tercera fase de \u2018Altaveu Cultural\u2019 es far\u00e0 en setembre i octubre per recollir l&#8217;opini\u00f3 dels xiquets i xiquetes. El regidor de Cultura ha destacat la import\u00e0ncia de donar veu als menors perqu\u00e8 puguen participar i ser escoltats.<\/p>\n","protected":false},"excerpt":{"rendered":"<p>La ciutadania ja pot realitzar una enquesta en l\u00ednia per obrir la programaci\u00f3 cultural L&#8217;Ajuntament de la Vall d\u2019Uix\u00f3 ha iniciat la campanya de participaci\u00f3 \u2018Altaveu Cultural\u2019 amb enquestes per escoltar les necessitats de la ciutadania sobre la programaci\u00f3 i activitats culturals, com s&#8217;organitzen, quin tipus de cultura consumeixen i en quines instal\u00b7lacions, segons el &#8230; <a title=\"L&#8217;Ajuntament de la Vall d&#8217;Uix\u00f3 inicia la campanya &#8220;Altaveu Cultural&#8221;\" class=\"read-more\" href=\"https:\/\/elcafedepipa.com\/index.php\/2024\/06\/21\/lajuntament-de-la-vall-duixo-inicia-la-campanya-altaveu-cultural\/\" aria-label=\"M\u00e9s informaci\u00f3 sobre L&#8217;Ajuntament de la Vall d&#8217;Uix\u00f3 inicia la campanya &#8220;Altaveu Cultural&#8221;\">Read more<\/a><\/p>\n","protected":false},"author":2,"featured_media":0,"comment_status":"closed","ping_status":"closed","sticky":false,"template":"","format":"standard","meta":{"om_disable_all_campaigns":false,"_monsterinsights_skip_tracking":false,"_monsterinsights_sitenote_active":false,"_monsterinsights_sitenote_note":"","_monsterinsights_sitenote_category":0,"_uf_show_specific_survey":0,"_uf_disable_surveys":false,"footnotes":""},"categories":[2],"tags":[],"class_list":["post-2197","post","type-post","status-publish","format-standard","hentry","category-lavallduixo"],"_links":{"self":[{"href":"https:\/\/elcafedepipa.com\/index.php\/wp-json\/wp\/v2\/posts\/2197","targetHints":{"allow":["GET"]}}],"collection":[{"href":"https:\/\/elcafedepipa.com\/index.php\/wp-json\/wp\/v2\/posts"}],"about":[{"href":"https:\/\/elcafedepipa.com\/index.php\/wp-json\/wp\/v2\/types\/post"}],"author":[{"embeddable":true,"href":"https:\/\/elcafedepipa.com\/index.php\/wp-json\/wp\/v2\/users\/2"}],"replies":[{"embeddable":true,"href":"https:\/\/elcafedepipa.com\/index.php\/wp-json\/wp\/v2\/comments?post=2197"}],"version-history":[{"count":0,"href":"https:\/\/elcafedepipa.com\/index.php\/wp-json\/wp\/v2\/posts\/2197\/revisions"}],"wp:attachment":[{"href":"https:\/\/elcafedepipa.com\/index.php\/wp-json\/wp\/v2\/media?parent=2197"}],"wp:term":[{"taxonomy":"category","embeddable":true,"href":"https:\/\/elcafedepipa.com\/index.php\/wp-json\/wp\/v2\/categories?post=2197"},{"taxonomy":"post_tag","embeddable":true,"href":"https:\/\/elcafedepipa.com\/index.php\/wp-json\/wp\/v2\/tags?post=2197"}],"curies":[{"name":"wp","href":"https:\/\/api.w.org\/{rel}","templated":true}]}}