{"id":2161,"date":"2024-06-20T12:30:32","date_gmt":"2024-06-20T10:30:32","guid":{"rendered":"https:\/\/elcafedepipa.com\/?p=2161"},"modified":"2024-06-20T12:30:33","modified_gmt":"2024-06-20T10:30:33","slug":"les-organitzacions-agraries-es-concentren-dema-per-a-protestar-contra-la-gestio-de-la-conselleria-dagricultura","status":"publish","type":"post","link":"https:\/\/elcafedepipa.com\/index.php\/2024\/06\/20\/les-organitzacions-agraries-es-concentren-dema-per-a-protestar-contra-la-gestio-de-la-conselleria-dagricultura\/","title":{"rendered":"Les organitzacions agr\u00e0ries es concentren dem\u00e0 per a protestar contra la gesti\u00f3 de la Conselleria d&#8217;Agricultura"},"content":{"rendered":"\n<p>Les organitzacions agr\u00e0ries de la Comunitat Valenciana, la Uni\u00f3 Llauradora i Ramadera, l&#8217;Associaci\u00f3 Valenciana d&#8217;Agricultors (AVA-ASAJA) i CCPV-COAG, realitzaran dem\u00e0 divendres 21 de juny una concentraci\u00f3 de protesta conjunta, a partir de les 11 hores, davant les portes de la Conselleria d&#8217;Agricultura a Val\u00e8ncia per a expressar el seu malestar per \u201cla mala gesti\u00f3 en aquest primer any de legislatura de l&#8217;equip de Conselleria dirigit per Vox, basada en bones paraules per\u00f2 concretada en pocs fets i realitats\u201d.<\/p>\n\n\n\n<p>Les organitzacions agr\u00e0ries consideren que la Conselleria d&#8217;Agricultura \u00e9s en aquests moments un organisme \u201cinefica\u00e7, ineficient i irrellevant en el conjunt de la Generalitat\u201d i advoquen per un \u201cmajor suport i una millor gesti\u00f3 perqu\u00e8 el sector agrari i el m\u00f3n rural de la Comunitat Valenciana requereixen unes pol\u00edtiques i un suport econ\u00f2mic que fa\u00e7a eixir de la crisi a la major part&nbsp;de&nbsp;cultius i sectors ramaders\u201d.<\/p>\n\n\n\n<p>AVA, LA UNI\u00d3 i CCPV-COAG reclamen, entre altres coses, una agilitzaci\u00f3 de les ajudes promeses, per\u00f2 no publicades ni concedides, i mesures urgents per a mitigar els efectes de la sequera, com l&#8217;establiment d&#8217;una l\u00ednia d&#8217;ajudes per a compensar la p\u00e8rdua de rendiments en els sectors m\u00e9s afectats com la vinya, ra\u00efm de taula, olivar, fruita seca, fruites d&#8217;os, cereal, ramaderia extensiva i apicultura; aix\u00ed com per a les entitats de reg per l&#8217;augment del cost energ\u00e8tic.<\/p>\n","protected":false},"excerpt":{"rendered":"<p>Les organitzacions agr\u00e0ries de la Comunitat Valenciana, la Uni\u00f3 Llauradora i Ramadera, l&#8217;Associaci\u00f3 Valenciana d&#8217;Agricultors (AVA-ASAJA) i CCPV-COAG, realitzaran dem\u00e0 divendres 21 de juny una concentraci\u00f3 de protesta conjunta, a partir de les 11 hores, davant les portes de la Conselleria d&#8217;Agricultura a Val\u00e8ncia per a expressar el seu malestar per \u201cla mala gesti\u00f3 en &#8230; <a title=\"Les organitzacions agr\u00e0ries es concentren dem\u00e0 per a protestar contra la gesti\u00f3 de la Conselleria d&#8217;Agricultura\" class=\"read-more\" href=\"https:\/\/elcafedepipa.com\/index.php\/2024\/06\/20\/les-organitzacions-agraries-es-concentren-dema-per-a-protestar-contra-la-gestio-de-la-conselleria-dagricultura\/\" aria-label=\"M\u00e9s informaci\u00f3 sobre Les organitzacions agr\u00e0ries es concentren dem\u00e0 per a protestar contra la gesti\u00f3 de la Conselleria d&#8217;Agricultura\">Read more<\/a><\/p>\n","protected":false},"author":2,"featured_media":0,"comment_status":"closed","ping_status":"closed","sticky":false,"template":"","format":"standard","meta":{"om_disable_all_campaigns":false,"_monsterinsights_skip_tracking":false,"_monsterinsights_sitenote_active":false,"_monsterinsights_sitenote_note":"","_monsterinsights_sitenote_category":0,"_uf_show_specific_survey":0,"_uf_disable_surveys":false,"footnotes":""},"categories":[11],"tags":[],"class_list":["post-2161","post","type-post","status-publish","format-standard","hentry","category-comunitatvalenciana"],"_links":{"self":[{"href":"https:\/\/elcafedepipa.com\/index.php\/wp-json\/wp\/v2\/posts\/2161","targetHints":{"allow":["GET"]}}],"collection":[{"href":"https:\/\/elcafedepipa.com\/index.php\/wp-json\/wp\/v2\/posts"}],"about":[{"href":"https:\/\/elcafedepipa.com\/index.php\/wp-json\/wp\/v2\/types\/post"}],"author":[{"embeddable":true,"href":"https:\/\/elcafedepipa.com\/index.php\/wp-json\/wp\/v2\/users\/2"}],"replies":[{"embeddable":true,"href":"https:\/\/elcafedepipa.com\/index.php\/wp-json\/wp\/v2\/comments?post=2161"}],"version-history":[{"count":0,"href":"https:\/\/elcafedepipa.com\/index.php\/wp-json\/wp\/v2\/posts\/2161\/revisions"}],"wp:attachment":[{"href":"https:\/\/elcafedepipa.com\/index.php\/wp-json\/wp\/v2\/media?parent=2161"}],"wp:term":[{"taxonomy":"category","embeddable":true,"href":"https:\/\/elcafedepipa.com\/index.php\/wp-json\/wp\/v2\/categories?post=2161"},{"taxonomy":"post_tag","embeddable":true,"href":"https:\/\/elcafedepipa.com\/index.php\/wp-json\/wp\/v2\/tags?post=2161"}],"curies":[{"name":"wp","href":"https:\/\/api.w.org\/{rel}","templated":true}]}}