{"id":2157,"date":"2024-06-20T13:01:54","date_gmt":"2024-06-20T11:01:54","guid":{"rendered":"https:\/\/elcafedepipa.com\/?p=2157"},"modified":"2024-06-20T13:01:54","modified_gmt":"2024-06-20T11:01:54","slug":"podcast-esquerra-unida","status":"publish","type":"post","link":"https:\/\/elcafedepipa.com\/index.php\/2024\/06\/20\/podcast-esquerra-unida\/","title":{"rendered":"Podcast | Valoraci\u00f3 dels resultats de les eleccions europees amb Esquerra Unida la Vall d&#8217;Uix\u00f3"},"content":{"rendered":"\n<p><strong>\u00c0UDIO | <\/strong>Amb David Lluch i Rosa P\u00e9rez, coordinadors d&#8217;Esquerra Unida la Vall d&#8217;Uix\u00f3; Marc Seguer, regidor d&#8217;EU a l&#8217;ajuntament; i Luis Poveda, adjunt a l&#8217;organitzaci\u00f3, fem una valoraci\u00f3 dels resultats de les passades eleccions europees.<\/p>\n\n\n\n<figure class=\"wp-block-audio\"><audio controls src=\"https:\/\/elcafedepipa.com\/wp-content\/uploads\/2024\/06\/eupv20juny.mp3\"><\/audio><\/figure>\n","protected":false},"excerpt":{"rendered":"<p>\u00c0UDIO | Amb David Lluch i Rosa P\u00e9rez, coordinadors d&#8217;Esquerra Unida la Vall d&#8217;Uix\u00f3; Marc Seguer, regidor d&#8217;EU a l&#8217;ajuntament; i Luis Poveda, adjunt a l&#8217;organitzaci\u00f3, fem una valoraci\u00f3 dels resultats de les passades eleccions europees.<\/p>\n","protected":false},"author":2,"featured_media":0,"comment_status":"closed","ping_status":"closed","sticky":false,"template":"","format":"standard","meta":{"om_disable_all_campaigns":false,"_monsterinsights_skip_tracking":false,"_monsterinsights_sitenote_active":false,"_monsterinsights_sitenote_note":"","_monsterinsights_sitenote_category":0,"_uf_show_specific_survey":0,"_uf_disable_surveys":false,"footnotes":""},"categories":[2],"tags":[],"class_list":["post-2157","post","type-post","status-publish","format-standard","hentry","category-lavallduixo"],"_links":{"self":[{"href":"https:\/\/elcafedepipa.com\/index.php\/wp-json\/wp\/v2\/posts\/2157","targetHints":{"allow":["GET"]}}],"collection":[{"href":"https:\/\/elcafedepipa.com\/index.php\/wp-json\/wp\/v2\/posts"}],"about":[{"href":"https:\/\/elcafedepipa.com\/index.php\/wp-json\/wp\/v2\/types\/post"}],"author":[{"embeddable":true,"href":"https:\/\/elcafedepipa.com\/index.php\/wp-json\/wp\/v2\/users\/2"}],"replies":[{"embeddable":true,"href":"https:\/\/elcafedepipa.com\/index.php\/wp-json\/wp\/v2\/comments?post=2157"}],"version-history":[{"count":0,"href":"https:\/\/elcafedepipa.com\/index.php\/wp-json\/wp\/v2\/posts\/2157\/revisions"}],"wp:attachment":[{"href":"https:\/\/elcafedepipa.com\/index.php\/wp-json\/wp\/v2\/media?parent=2157"}],"wp:term":[{"taxonomy":"category","embeddable":true,"href":"https:\/\/elcafedepipa.com\/index.php\/wp-json\/wp\/v2\/categories?post=2157"},{"taxonomy":"post_tag","embeddable":true,"href":"https:\/\/elcafedepipa.com\/index.php\/wp-json\/wp\/v2\/tags?post=2157"}],"curies":[{"name":"wp","href":"https:\/\/api.w.org\/{rel}","templated":true}]}}