{"id":2146,"date":"2024-06-20T09:47:54","date_gmt":"2024-06-20T07:47:54","guid":{"rendered":"https:\/\/elcafedepipa.com\/?p=2146"},"modified":"2024-06-20T09:47:55","modified_gmt":"2024-06-20T07:47:55","slug":"moncofa-acull-la-celebracio-de-la-nit-de-sant-joan-a-la-placa-ruiz-picasso","status":"publish","type":"post","link":"https:\/\/elcafedepipa.com\/index.php\/2024\/06\/20\/moncofa-acull-la-celebracio-de-la-nit-de-sant-joan-a-la-placa-ruiz-picasso\/","title":{"rendered":"Moncofa acull la celebraci\u00f3 de la Nit de Sant Joan a la pla\u00e7a Ruiz Picasso"},"content":{"rendered":"\n<p style=\"font-size:24px\"><strong>La crem\u00e0 de la foguera ser\u00e0 a les 23:45 h<\/strong> <\/p>\n\n\n\n<p>La nit del 23 de juny, Moncofa acollir\u00e0 la tradicional celebraci\u00f3 de la Nit de Sant Joan amb desenes de fogueres per a donar la benvinguda a l&#8217;estiu. La festa se centrar\u00e0 en la gran foguera preparada pel consistori a la pla\u00e7a Ruiz Picasso, a la platja del Grau. A les 23.45 h, la foguera es cremar\u00e0 completament mentre ve\u00efns i visitants participen en el bany de peus a la vora del mar.<\/p>\n\n\n\n<p>&#8220;\u00c9s una nit m\u00e0gica per a Moncofa i la nostra costa mediterr\u00e0nia. Celebrem Sant Joan amb fogueres i m\u00fasica, convertint el 23 de juny en la gran inauguraci\u00f3 de l&#8217;estiu&#8221;, ha destacat Maria Teresa Alemany, regidora de Festes.<\/p>\n\n\n\n<p>La vetlada comen\u00e7ar\u00e0 amb un sopar de germanor al cam\u00ed Cabres a les 21.30 h, seguit per un espectacle de foc i m\u00fasica de l&#8217;associaci\u00f3 Dracs d&#8217;Uix\u00f3 a les 23 h, que culminar\u00e0 amb la crema de la foguera central.<\/p>\n\n\n\n<p>La zona Masb\u00f3, a l&#8217;avinguda Mare Nostrum, ser\u00e0 el recinte musical amb el IV Festival DJ Sant Joan, iniciant la primera gran festa de l&#8217;estiu a les 00.15 h. La Comissi\u00f3 de Festes de Sant Antoni i la Penya El Rus col\u00b7laboraran en l&#8217;organitzaci\u00f3 del servei de barra.<\/p>\n","protected":false},"excerpt":{"rendered":"<p>La crem\u00e0 de la foguera ser\u00e0 a les 23:45 h La nit del 23 de juny, Moncofa acollir\u00e0 la tradicional celebraci\u00f3 de la Nit de Sant Joan amb desenes de fogueres per a donar la benvinguda a l&#8217;estiu. La festa se centrar\u00e0 en la gran foguera preparada pel consistori a la pla\u00e7a Ruiz Picasso, a &#8230; <a title=\"Moncofa acull la celebraci\u00f3 de la Nit de Sant Joan a la pla\u00e7a Ruiz Picasso\" class=\"read-more\" href=\"https:\/\/elcafedepipa.com\/index.php\/2024\/06\/20\/moncofa-acull-la-celebracio-de-la-nit-de-sant-joan-a-la-placa-ruiz-picasso\/\" aria-label=\"M\u00e9s informaci\u00f3 sobre Moncofa acull la celebraci\u00f3 de la Nit de Sant Joan a la pla\u00e7a Ruiz Picasso\">Read more<\/a><\/p>\n","protected":false},"author":2,"featured_media":0,"comment_status":"closed","ping_status":"closed","sticky":false,"template":"","format":"standard","meta":{"om_disable_all_campaigns":false,"_monsterinsights_skip_tracking":false,"_monsterinsights_sitenote_active":false,"_monsterinsights_sitenote_note":"","_monsterinsights_sitenote_category":0,"_uf_show_specific_survey":0,"_uf_disable_surveys":false,"footnotes":""},"categories":[4],"tags":[],"class_list":["post-2146","post","type-post","status-publish","format-standard","hentry","category-moncofa"],"_links":{"self":[{"href":"https:\/\/elcafedepipa.com\/index.php\/wp-json\/wp\/v2\/posts\/2146","targetHints":{"allow":["GET"]}}],"collection":[{"href":"https:\/\/elcafedepipa.com\/index.php\/wp-json\/wp\/v2\/posts"}],"about":[{"href":"https:\/\/elcafedepipa.com\/index.php\/wp-json\/wp\/v2\/types\/post"}],"author":[{"embeddable":true,"href":"https:\/\/elcafedepipa.com\/index.php\/wp-json\/wp\/v2\/users\/2"}],"replies":[{"embeddable":true,"href":"https:\/\/elcafedepipa.com\/index.php\/wp-json\/wp\/v2\/comments?post=2146"}],"version-history":[{"count":0,"href":"https:\/\/elcafedepipa.com\/index.php\/wp-json\/wp\/v2\/posts\/2146\/revisions"}],"wp:attachment":[{"href":"https:\/\/elcafedepipa.com\/index.php\/wp-json\/wp\/v2\/media?parent=2146"}],"wp:term":[{"taxonomy":"category","embeddable":true,"href":"https:\/\/elcafedepipa.com\/index.php\/wp-json\/wp\/v2\/categories?post=2146"},{"taxonomy":"post_tag","embeddable":true,"href":"https:\/\/elcafedepipa.com\/index.php\/wp-json\/wp\/v2\/tags?post=2146"}],"curies":[{"name":"wp","href":"https:\/\/api.w.org\/{rel}","templated":true}]}}