{"id":21349,"date":"2026-01-30T12:41:12","date_gmt":"2026-01-30T11:41:12","guid":{"rendered":"https:\/\/elcafedepipa.com\/?p=21349"},"modified":"2026-01-30T12:42:42","modified_gmt":"2026-01-30T11:42:42","slug":"lalumnat-de-3r-de-primaria-protagonitza-lacte-del-dia-escolar-de-la-pau-a-la-vall-duixo","status":"publish","type":"post","link":"https:\/\/elcafedepipa.com\/index.php\/2026\/01\/30\/lalumnat-de-3r-de-primaria-protagonitza-lacte-del-dia-escolar-de-la-pau-a-la-vall-duixo\/","title":{"rendered":"L\u2019alumnat de 3r de prim\u00e0ria protagonitza l\u2019acte del Dia Escolar de la Pau a la Vall d\u2019Uix\u00f3"},"content":{"rendered":"\n<p><strong>Els xiquets i xiquetes han recordat la figura del fil\u00f2sof Vicent Mart\u00ednez Guzm\u00e1n i han llegit reflexions i missatges d\u2019esperan\u00e7a<\/strong><\/p>\n\n\n\n<p>La Vall d\u2019Uix\u00f3 ha commemorat el&nbsp;<strong>Dia Escolar de la Pau i la No-viol\u00e8ncia<\/strong>, el 30 de gener, amb un acte central en el qual ha participat l\u2019alumnat de&nbsp;<strong>3r de prim\u00e0ria<\/strong>&nbsp;dels centres educatius del municipi, dins de la programaci\u00f3&nbsp;<strong>Cultura per la Pau 2026&nbsp;<\/strong><strong>que impulsa l\u2019Ajuntament amb la col\u00b7laboraci\u00f3 de la Societat Cultural Amics de la Vall.<\/strong><\/p>\n\n\n\n<p>Durant l\u2019acte, celebrat&nbsp;al voltant de&nbsp;l\u2019<strong>arbre de la pau<\/strong>, situat&nbsp;en la pla\u00e7a Mahatma Ghandi (estaci\u00f3 d\u2019autobusos), els xiquets i xiquetes han llegit&nbsp;<strong>reflexions sobre la pau<\/strong>&nbsp;i les han penjat en aquesta obra simb\u00f2lica creada per l\u2019artista local&nbsp;<strong>Pere Ribera<\/strong>.&nbsp;Aquest espai&nbsp;s\u2019ha convertit aix\u00ed en expressi\u00f3 col\u00b7lectiva, on l\u2019alumnat ha compartit missatges carregats d\u2019esperan\u00e7a&nbsp;i bons desitjos.<\/p>\n\n\n\n<p>A m\u00e9s,&nbsp;un grup d\u2019alumnes de 6\u00e9 de prim\u00e0ria del CEIP La Moleta ha&nbsp;realitzat una&nbsp;<strong>dramatitzaci\u00f3 de la biografia del fil\u00f2sof valler Vicent Mart\u00ednez Guzm\u00e1n.&nbsp;<\/strong><strong>L\u2019activitat&nbsp;<\/strong>ha culminat amb la interpretaci\u00f3 de&nbsp;diverses&nbsp;<strong>can\u00e7<\/strong><strong>ons<\/strong><strong>&nbsp;<\/strong><strong>per<\/strong><strong>&nbsp;la pau<\/strong>&nbsp;a c\u00e0rrec de la cantautora vallera&nbsp;<strong>Maria Plazas<\/strong>, acompanyada&nbsp;a&nbsp;cor per l\u2019alumnat dels col\u00b7legis p\u00fablics de la Vall.<\/p>\n\n\n\n<p>L\u2019alcaldessa,&nbsp;Tania Ba\u00f1os,&nbsp;ha recordat&nbsp;durant l\u2019acte la figura del fil\u00f2sof valler&nbsp;<strong>Vicent Mart\u00ednez Guzm\u00e1n<\/strong>&nbsp;i el seu llegat, destacant que \u201cva ser clau per posicionar la nostra ciutat com un referent internacional en el treball per la pau i la no-viol\u00e8ncia, tamb\u00e9 des de l\u2019educaci\u00f3\u201d. En aquest sentit, ha subratllat que \u201cen els temps actuals \u00e9s m\u00e9s necessari que mai educar els xiquets i xiquetes en la paraula, el di\u00e0leg i els valors per a arribar a acords,&nbsp;i&nbsp;en l\u2019empatia i el respecte front a les discussions, els conflictes, les guerres i l\u2019odi\u201d.<\/p>\n\n\n\n<p>El cicle&nbsp;<strong>Cultura per la Pau 2026<\/strong>&nbsp;continuar\u00e0 els pr\u00f2xims dies amb diverses activitats obertes a la ciutadania&nbsp;en la biblioteca municipal. El&nbsp;<strong>3 de febrer&nbsp;<\/strong>tindr\u00e0 lloc una&nbsp;<strong>taula redona sobre cures<\/strong>; el&nbsp;<strong>4 de febrer<\/strong>, una&nbsp;<strong>xarrada de Jes\u00fas N\u00fa\u00f1ez<\/strong>&nbsp;sobre l\u2019impacte del trumpisme al m\u00f3n; i el&nbsp;<strong>5 de febrer<\/strong>, la&nbsp;<strong>confer\u00e8ncia d\u2019Avel\u00b7l\u00ed Corma<\/strong>&nbsp;sobre com millorar el m\u00f3n a trav\u00e9s de la qu\u00edmica.<\/p>\n\n\n\n<p><\/p>\n","protected":false},"excerpt":{"rendered":"<p>Els xiquets i xiquetes han recordat la figura del fil\u00f2sof Vicent Mart\u00ednez Guzm\u00e1n i han llegit reflexions i missatges d\u2019esperan\u00e7a La Vall d\u2019Uix\u00f3 ha commemorat el&nbsp;Dia Escolar de la Pau i la No-viol\u00e8ncia, el 30 de gener, amb un acte central en el qual ha participat l\u2019alumnat de&nbsp;3r de prim\u00e0ria&nbsp;dels centres educatius del municipi, dins &#8230; <a title=\"L\u2019alumnat de 3r de prim\u00e0ria protagonitza l\u2019acte del Dia Escolar de la Pau a la Vall d\u2019Uix\u00f3\" class=\"read-more\" href=\"https:\/\/elcafedepipa.com\/index.php\/2026\/01\/30\/lalumnat-de-3r-de-primaria-protagonitza-lacte-del-dia-escolar-de-la-pau-a-la-vall-duixo\/\" aria-label=\"M\u00e9s informaci\u00f3 sobre L\u2019alumnat de 3r de prim\u00e0ria protagonitza l\u2019acte del Dia Escolar de la Pau a la Vall d\u2019Uix\u00f3\">Read more<\/a><\/p>\n","protected":false},"author":2,"featured_media":21350,"comment_status":"closed","ping_status":"closed","sticky":false,"template":"","format":"standard","meta":{"om_disable_all_campaigns":false,"_monsterinsights_skip_tracking":false,"_monsterinsights_sitenote_active":false,"_monsterinsights_sitenote_note":"","_monsterinsights_sitenote_category":0,"_uf_show_specific_survey":0,"_uf_disable_surveys":false,"footnotes":""},"categories":[2],"tags":[],"class_list":["post-21349","post","type-post","status-publish","format-standard","has-post-thumbnail","hentry","category-lavallduixo"],"_links":{"self":[{"href":"https:\/\/elcafedepipa.com\/index.php\/wp-json\/wp\/v2\/posts\/21349","targetHints":{"allow":["GET"]}}],"collection":[{"href":"https:\/\/elcafedepipa.com\/index.php\/wp-json\/wp\/v2\/posts"}],"about":[{"href":"https:\/\/elcafedepipa.com\/index.php\/wp-json\/wp\/v2\/types\/post"}],"author":[{"embeddable":true,"href":"https:\/\/elcafedepipa.com\/index.php\/wp-json\/wp\/v2\/users\/2"}],"replies":[{"embeddable":true,"href":"https:\/\/elcafedepipa.com\/index.php\/wp-json\/wp\/v2\/comments?post=21349"}],"version-history":[{"count":1,"href":"https:\/\/elcafedepipa.com\/index.php\/wp-json\/wp\/v2\/posts\/21349\/revisions"}],"predecessor-version":[{"id":21351,"href":"https:\/\/elcafedepipa.com\/index.php\/wp-json\/wp\/v2\/posts\/21349\/revisions\/21351"}],"wp:featuredmedia":[{"embeddable":true,"href":"https:\/\/elcafedepipa.com\/index.php\/wp-json\/wp\/v2\/media\/21350"}],"wp:attachment":[{"href":"https:\/\/elcafedepipa.com\/index.php\/wp-json\/wp\/v2\/media?parent=21349"}],"wp:term":[{"taxonomy":"category","embeddable":true,"href":"https:\/\/elcafedepipa.com\/index.php\/wp-json\/wp\/v2\/categories?post=21349"},{"taxonomy":"post_tag","embeddable":true,"href":"https:\/\/elcafedepipa.com\/index.php\/wp-json\/wp\/v2\/tags?post=21349"}],"curies":[{"name":"wp","href":"https:\/\/api.w.org\/{rel}","templated":true}]}}