{"id":21345,"date":"2026-01-30T08:35:25","date_gmt":"2026-01-30T07:35:25","guid":{"rendered":"https:\/\/elcafedepipa.com\/?p=21345"},"modified":"2026-01-30T08:35:43","modified_gmt":"2026-01-30T07:35:43","slug":"els-premis-sant-vicent-ferrer-ciutat-de-la-vall-duixo-obrin-el-termini-de-presentacio-de-candidatures","status":"publish","type":"post","link":"https:\/\/elcafedepipa.com\/index.php\/2026\/01\/30\/els-premis-sant-vicent-ferrer-ciutat-de-la-vall-duixo-obrin-el-termini-de-presentacio-de-candidatures\/","title":{"rendered":"Els Premis Sant Vicent Ferrer \u2013 Ciutat de la Vall d\u2019Uix\u00f3 obrin el termini de presentaci\u00f3 de candidatures"},"content":{"rendered":"\n<p>Este any complixen 27 anys i del 30 de gener al 28 de febrer es pot presentar la documentaci\u00f3 per a optar al guard\u00f3 en cinc categories<\/p>\n\n\n\n<p>La pla\u00e7a de Sant Vicent ha sigut este mat\u00ed l\u2019escenari de la presentaci\u00f3 dels Premis Sant Vicent Ferrer \u2013 Ciutat de la Vall d\u2019Uix\u00f3 2025, coneguts popularment com els <em>Vicentets<\/em>. Des de fa quatre anys, els premis que convoca la comissi\u00f3 de les festes patronals en honor a Sant Vicent Ferrer compten amb unes bases p\u00fabliques que han institucionalitzat estos reconeixements, que tenen una gran traject\u00f2ria, ja que enguany complixen 27 anys.<\/p>\n\n\n\n<p>El president de les festes patronals de Sant Vicent Ferrer, Juan Ib\u00e1\u00f1ez; el regidor de Cultura, Jorge Marqu\u00e9s; el regidor de Festes, Ximo Zorrilla; i el president de la Caixa Sant Vicent, Francisco Bordils, han presentat esta nova edici\u00f3. L\u2019entrega dels guardons es realitzar\u00e0 dins de la programaci\u00f3 festiva.<\/p>\n\n\n\n<p>Les bases dels Premis Sant Vicent Ferrer \u2013 Ciutat de la Vall d\u2019Uix\u00f3 es podran consultar a la web de l\u2019Ajuntament (<a href=\"http:\/\/www.lavallduixo.es\">www.lavallduixo.es<\/a>) junt amb l\u2019hist\u00f2ric de persones premiades i el model de presentaci\u00f3 de candidatures, que haur\u00e0 d\u2019estar raonat i acompanyar-se del curr\u00edculum de la persona o entitat proposada i de documentaci\u00f3 amb informaci\u00f3 a tindre en consideraci\u00f3 pel jurat. El termini de presentaci\u00f3 estar\u00e0 obert del 30 de gener al 28 de febrer.<\/p>\n\n\n\n<p>Les categories que es premien s\u00f3n m\u00e8rit cultural, m\u00e8rit esportiu, comprom\u00eds c\u00edvic, arreu del m\u00f3n i innovaci\u00f3, ci\u00e8ncia i emprenedoria. Estos premis s\u00f3n no lucratius i de valor simb\u00f2lic, creats per a distingir persones f\u00edsiques i jur\u00eddiques que habiten o tinguen la seua seu social a la Vall d\u2019Uix\u00f3 o que mantinguen un estret vincle amb esta.<\/p>\n","protected":false},"excerpt":{"rendered":"<p>Este any complixen 27 anys i del 30 de gener al 28 de febrer es pot presentar la documentaci\u00f3 per a optar al guard\u00f3 en cinc categories La pla\u00e7a de Sant Vicent ha sigut este mat\u00ed l\u2019escenari de la presentaci\u00f3 dels Premis Sant Vicent Ferrer \u2013 Ciutat de la Vall d\u2019Uix\u00f3 2025, coneguts popularment com &#8230; <a title=\"Els Premis Sant Vicent Ferrer \u2013 Ciutat de la Vall d\u2019Uix\u00f3 obrin el termini de presentaci\u00f3 de candidatures\" class=\"read-more\" href=\"https:\/\/elcafedepipa.com\/index.php\/2026\/01\/30\/els-premis-sant-vicent-ferrer-ciutat-de-la-vall-duixo-obrin-el-termini-de-presentacio-de-candidatures\/\" aria-label=\"M\u00e9s informaci\u00f3 sobre Els Premis Sant Vicent Ferrer \u2013 Ciutat de la Vall d\u2019Uix\u00f3 obrin el termini de presentaci\u00f3 de candidatures\">Read more<\/a><\/p>\n","protected":false},"author":2,"featured_media":21347,"comment_status":"closed","ping_status":"closed","sticky":false,"template":"","format":"standard","meta":{"om_disable_all_campaigns":false,"_monsterinsights_skip_tracking":false,"_monsterinsights_sitenote_active":false,"_monsterinsights_sitenote_note":"","_monsterinsights_sitenote_category":0,"_uf_show_specific_survey":0,"_uf_disable_surveys":false,"footnotes":""},"categories":[2],"tags":[],"class_list":["post-21345","post","type-post","status-publish","format-standard","has-post-thumbnail","hentry","category-lavallduixo"],"_links":{"self":[{"href":"https:\/\/elcafedepipa.com\/index.php\/wp-json\/wp\/v2\/posts\/21345","targetHints":{"allow":["GET"]}}],"collection":[{"href":"https:\/\/elcafedepipa.com\/index.php\/wp-json\/wp\/v2\/posts"}],"about":[{"href":"https:\/\/elcafedepipa.com\/index.php\/wp-json\/wp\/v2\/types\/post"}],"author":[{"embeddable":true,"href":"https:\/\/elcafedepipa.com\/index.php\/wp-json\/wp\/v2\/users\/2"}],"replies":[{"embeddable":true,"href":"https:\/\/elcafedepipa.com\/index.php\/wp-json\/wp\/v2\/comments?post=21345"}],"version-history":[{"count":1,"href":"https:\/\/elcafedepipa.com\/index.php\/wp-json\/wp\/v2\/posts\/21345\/revisions"}],"predecessor-version":[{"id":21348,"href":"https:\/\/elcafedepipa.com\/index.php\/wp-json\/wp\/v2\/posts\/21345\/revisions\/21348"}],"wp:featuredmedia":[{"embeddable":true,"href":"https:\/\/elcafedepipa.com\/index.php\/wp-json\/wp\/v2\/media\/21347"}],"wp:attachment":[{"href":"https:\/\/elcafedepipa.com\/index.php\/wp-json\/wp\/v2\/media?parent=21345"}],"wp:term":[{"taxonomy":"category","embeddable":true,"href":"https:\/\/elcafedepipa.com\/index.php\/wp-json\/wp\/v2\/categories?post=21345"},{"taxonomy":"post_tag","embeddable":true,"href":"https:\/\/elcafedepipa.com\/index.php\/wp-json\/wp\/v2\/tags?post=21345"}],"curies":[{"name":"wp","href":"https:\/\/api.w.org\/{rel}","templated":true}]}}