{"id":21339,"date":"2026-01-30T08:30:01","date_gmt":"2026-01-30T07:30:01","guid":{"rendered":"https:\/\/elcafedepipa.com\/?p=21339"},"modified":"2026-01-30T08:30:23","modified_gmt":"2026-01-30T07:30:23","slug":"lajuntament-de-la-vall-duixo-inverteix-35-500-euros-en-la-millora-de-parcs-i-zones-de-joc","status":"publish","type":"post","link":"https:\/\/elcafedepipa.com\/index.php\/2026\/01\/30\/lajuntament-de-la-vall-duixo-inverteix-35-500-euros-en-la-millora-de-parcs-i-zones-de-joc\/","title":{"rendered":"L\u2019Ajuntament de la Vall d\u2019Uix\u00f3 inverteix 35.500 euros en la millora de parcs i zones de joc"},"content":{"rendered":"\n<p><em><strong>Les actuacions inclouen la renovaci\u00f3 de jocs infantils, paviments de cautx\u00fa, bancs i la millora del manteniment per a ser m\u00e9s r\u00e0pids i eficients<\/strong><\/em><\/p>\n\n\n\n<p>L\u2019Ajuntament de la Vall d\u2019Uix\u00f3 est\u00e0 duent a terme diverses actuacions de millora en parcs i zones de joc del municipi, amb una inversi\u00f3 de&nbsp;<strong>35.500 euros de la Regidoria de Medi Ambient i Transici\u00f3 Ecol\u00f2gica<\/strong>&nbsp;destinada a renovar elements deteriorats i garantir espais p\u00fablics segurs i de qualitat per a la inf\u00e0ncia.<\/p>\n\n\n\n<p>Durant aquest mes de gener, a la&nbsp;<strong>pla\u00e7a del Circ<\/strong>&nbsp;s\u2019ha substitu\u00eft el joc infantil principal, que es trobava trencat, per un nou element amb diversos components de joc. A m\u00e9s, s\u2019ha renovat completament el&nbsp;<strong>cautx\u00fa continu<\/strong>&nbsp;de la&nbsp;<strong>pla\u00e7a del Parc<\/strong>&nbsp;i del&nbsp;<strong>carrer Ermita de Sant Josep&nbsp;<\/strong><strong>(<\/strong>al costat de la rotonda de la carretera d\u2019Alfondeguilla). En aquest \u00faltim espai tamb\u00e9 s\u2019ha canviat&nbsp;tota la&nbsp;<strong>tanca perimetral<\/strong>. Aix\u00ed mateix, s\u2019han realitzat reparacions puntuals en zones de cautx\u00fa que es trobaven en mal estat en diferents parcs del municipi.<\/p>\n\n\n\n<p>Les actuacions tamb\u00e9 han incl\u00f2s la renovaci\u00f3 de&nbsp;<strong>bancs<\/strong>&nbsp;a la zona verda de l\u2019<strong>aq\u00fceducte<\/strong>&nbsp;i la instal\u00b7laci\u00f3 de nous bancs a la&nbsp;<strong>pla\u00e7a de l\u2019Assumpci\u00f3<\/strong>. En els pr\u00f2xims dies es canviaran els de la&nbsp;<strong>pla\u00e7a Espardenyers<\/strong>, i es continuar\u00e0 amb aquesta substituci\u00f3 progressiva de bancs trencats o en mal estat, aix\u00ed com amb la instal\u00b7laci\u00f3 de nous elements on s\u2019ha detectat la necessitat.<\/p>\n\n\n\n<p>Una altra de les millores destacades ha sigut l\u2019adquisici\u00f3 de&nbsp;<strong>peces de substituci\u00f3 habituals per a jocs infantils<\/strong>&nbsp;\u2014com seients de diferents mides, cadenes, molls o frontisses\u2014 per a tindre-les disponibles en el dia a dia. Aquesta mesura permet evitar haver de tramitar una comanda o contracte cada vegada que es produeix una avaria i fa possible actuar de manera m\u00e9s&nbsp;<strong>r\u00e0pida i eficient<\/strong>&nbsp;quan es detecta un element trencat, disposant de recanvis immediats.<\/p>\n\n\n\n<p>El regidor de Medi Ambient i Transici\u00f3 Ecol\u00f2gica,&nbsp;<strong>Marc Seguer<\/strong>, ha recordat que \u201cen aquesta legislatura s\u2019ha invertit prop de&nbsp;<strong>mig mili\u00f3 d\u2019euros<\/strong>&nbsp;en noves zones infantils i en la reparaci\u00f3 i manteniment de parcs i jardins, perqu\u00e8 \u00e9s una prioritat que aquests espais p\u00fablics estiguen en bones condicions perqu\u00e8 els xiquets i xiquetes els puguen gaudir\u201d.<\/p>\n\n\n\n<p>Seguer ha destacat tamb\u00e9 que \u201cels parcs s\u00f3n espais de socialitzaci\u00f3 i conviv\u00e8ncia\u201d i que, per aix\u00f2, s\u2019estan impulsant actuacions com la instal\u00b7laci\u00f3 de&nbsp;<strong>tendals<\/strong>&nbsp;o la creaci\u00f3 de&nbsp;<strong>nous parcs amb jocs d\u2019aigua<\/strong>, amb l\u2019objectiu que aquests espais funcionen com a&nbsp;<strong>refugis clim\u00e0tics<\/strong>.<\/p>\n\n\n\n<p>No obstant aix\u00f2, el regidor ha fet una crida al&nbsp;<strong>civisme i la responsabilitat<\/strong>, ja que \u201cens trobem que moltes de les reparacions que fem s\u00f3n conseq\u00fc\u00e8ncia del mal \u00fas dels jocs, com quan s\u2019utilitzen per persones que no tenen l\u2019edat recomanada, o directament per actes vand\u00e0lics\u201d.<\/p>\n\n\n\n<p>En aquest sentit, ha remarcat que \u201caix\u00f2 suposa gastar diners p\u00fablics per a reparar el mateix diverses vegades i provoca que, mentre duren les reparacions, els m\u00e9s menuts no puguen gaudir dels parcs\u201d. Per aix\u00f2, Seguer ha apel\u00b7lat \u201cal respecte pel que \u00e9s de tots i totes, no nom\u00e9s pel cost econ\u00f2mic que comporta, sin\u00f3 perqu\u00e8 s\u00f3n espais pensats per a la inf\u00e0ncia i el benestar col\u00b7lectiu\u201d.<\/p>\n","protected":false},"excerpt":{"rendered":"<p>Les actuacions inclouen la renovaci\u00f3 de jocs infantils, paviments de cautx\u00fa, bancs i la millora del manteniment per a ser m\u00e9s r\u00e0pids i eficients L\u2019Ajuntament de la Vall d\u2019Uix\u00f3 est\u00e0 duent a terme diverses actuacions de millora en parcs i zones de joc del municipi, amb una inversi\u00f3 de&nbsp;35.500 euros de la Regidoria de Medi &#8230; <a title=\"L\u2019Ajuntament de la Vall d\u2019Uix\u00f3 inverteix 35.500 euros en la millora de parcs i zones de joc\" class=\"read-more\" href=\"https:\/\/elcafedepipa.com\/index.php\/2026\/01\/30\/lajuntament-de-la-vall-duixo-inverteix-35-500-euros-en-la-millora-de-parcs-i-zones-de-joc\/\" aria-label=\"M\u00e9s informaci\u00f3 sobre L\u2019Ajuntament de la Vall d\u2019Uix\u00f3 inverteix 35.500 euros en la millora de parcs i zones de joc\">Read more<\/a><\/p>\n","protected":false},"author":2,"featured_media":21340,"comment_status":"closed","ping_status":"closed","sticky":false,"template":"","format":"standard","meta":{"om_disable_all_campaigns":false,"_monsterinsights_skip_tracking":false,"_monsterinsights_sitenote_active":false,"_monsterinsights_sitenote_note":"","_monsterinsights_sitenote_category":0,"_uf_show_specific_survey":0,"_uf_disable_surveys":false,"footnotes":""},"categories":[2],"tags":[],"class_list":["post-21339","post","type-post","status-publish","format-standard","has-post-thumbnail","hentry","category-lavallduixo"],"_links":{"self":[{"href":"https:\/\/elcafedepipa.com\/index.php\/wp-json\/wp\/v2\/posts\/21339","targetHints":{"allow":["GET"]}}],"collection":[{"href":"https:\/\/elcafedepipa.com\/index.php\/wp-json\/wp\/v2\/posts"}],"about":[{"href":"https:\/\/elcafedepipa.com\/index.php\/wp-json\/wp\/v2\/types\/post"}],"author":[{"embeddable":true,"href":"https:\/\/elcafedepipa.com\/index.php\/wp-json\/wp\/v2\/users\/2"}],"replies":[{"embeddable":true,"href":"https:\/\/elcafedepipa.com\/index.php\/wp-json\/wp\/v2\/comments?post=21339"}],"version-history":[{"count":1,"href":"https:\/\/elcafedepipa.com\/index.php\/wp-json\/wp\/v2\/posts\/21339\/revisions"}],"predecessor-version":[{"id":21341,"href":"https:\/\/elcafedepipa.com\/index.php\/wp-json\/wp\/v2\/posts\/21339\/revisions\/21341"}],"wp:featuredmedia":[{"embeddable":true,"href":"https:\/\/elcafedepipa.com\/index.php\/wp-json\/wp\/v2\/media\/21340"}],"wp:attachment":[{"href":"https:\/\/elcafedepipa.com\/index.php\/wp-json\/wp\/v2\/media?parent=21339"}],"wp:term":[{"taxonomy":"category","embeddable":true,"href":"https:\/\/elcafedepipa.com\/index.php\/wp-json\/wp\/v2\/categories?post=21339"},{"taxonomy":"post_tag","embeddable":true,"href":"https:\/\/elcafedepipa.com\/index.php\/wp-json\/wp\/v2\/tags?post=21339"}],"curies":[{"name":"wp","href":"https:\/\/api.w.org\/{rel}","templated":true}]}}