{"id":21336,"date":"2026-01-30T08:28:28","date_gmt":"2026-01-30T07:28:28","guid":{"rendered":"https:\/\/elcafedepipa.com\/?p=21336"},"modified":"2026-01-30T08:28:45","modified_gmt":"2026-01-30T07:28:45","slug":"garcia-margallo-protagonitza-una-jornada-amb-el-texit-social-i-empresarial-del-municipi-de-nules","status":"publish","type":"post","link":"https:\/\/elcafedepipa.com\/index.php\/2026\/01\/30\/garcia-margallo-protagonitza-una-jornada-amb-el-texit-social-i-empresarial-del-municipi-de-nules\/","title":{"rendered":"Garcia-Margallo protagonitza una jornada amb el texit social i empresarial del municipi de Nules"},"content":{"rendered":"\n<p>L\u2019ex Ministre d\u2019Assumptes Exteriors, Jos\u00e9 Manuel Garc\u00eda-Margallo, ha protagonitzat hui una de les jornades emmarcada en el cicle de confer\u00e8ncies \u00c0gora Nules, amb la qual s\u2019ha reunit al teixit social i empresarial de Nules.<\/p>\n\n\n\n<p>De manera que, centenars de persones provinents no sols de Nules tamb\u00e9 d\u2019altres punts de la Comunitat Valenciana s\u2019han donat cita al Local Multifuncional d\u2019aquest municipi per a escoltar la confer\u00e8ncia \u201cLas claves de los conflictos geopol\u00edticos internacionales en el mundo actual\u201d.<\/p>\n\n\n\n<p>Garc\u00eda-Margallo ha fet un rep\u00e0s per l\u2019actualitat internacional, tractant diferents aspectes relacionats amb el panorama canviant i conflictes del m\u00f3n.<\/p>\n\n\n\n<p>Cal recordar que, el cicle de confer\u00e8ncies \u201c\u00c0gora Nules\u201d est\u00e0 organitzat pel consistori amb la col\u00b7laboraci\u00f3 de l\u2019Associaci\u00f3 Empresarial de Nules, el qual es desenvolupar\u00e0 al llarg de tot l\u2019any, i amb el qual l\u2019Ajuntament de Nules pret\u00e9n reunir al sector empresarial de la localitat, principalment.<\/p>\n\n\n\n<p>Aquest cicle de confer\u00e8ncies alberga a destacades personalitats de diferents \u00e0mbits del panorama actual nacional. Aix\u00ed, cada mes hi haur\u00e0 una cita amb protagonistes de l\u2019actualitat cultural, liter\u00e0ria, pol\u00edtica, empresarial, o esportiva que tractaran diverses tem\u00e0tiques, i on es pot crear sinergies i compartir reflexions entre el p\u00fablic assistent i la persona que imparteix la confer\u00e8ncia.<\/p>\n\n\n\n<p>Per altra banda, cal assenyalar que l\u2019ex Ministre d\u2019Assumptes Exteriors ha estat rebut per l\u2019Alcalde de Nules, David Garc\u00eda, i la resta de membres de la Corporaci\u00f3 Municipal a l\u2019ajuntament on ha signat el Llibre d\u2019Honor.<\/p>\n","protected":false},"excerpt":{"rendered":"<p>L\u2019ex Ministre d\u2019Assumptes Exteriors, Jos\u00e9 Manuel Garc\u00eda-Margallo, ha protagonitzat hui una de les jornades emmarcada en el cicle de confer\u00e8ncies \u00c0gora Nules, amb la qual s\u2019ha reunit al teixit social i empresarial de Nules. De manera que, centenars de persones provinents no sols de Nules tamb\u00e9 d\u2019altres punts de la Comunitat Valenciana s\u2019han donat cita &#8230; <a title=\"Garcia-Margallo protagonitza una jornada amb el texit social i empresarial del municipi de Nules\" class=\"read-more\" href=\"https:\/\/elcafedepipa.com\/index.php\/2026\/01\/30\/garcia-margallo-protagonitza-una-jornada-amb-el-texit-social-i-empresarial-del-municipi-de-nules\/\" aria-label=\"M\u00e9s informaci\u00f3 sobre Garcia-Margallo protagonitza una jornada amb el texit social i empresarial del municipi de Nules\">Read more<\/a><\/p>\n","protected":false},"author":2,"featured_media":21337,"comment_status":"closed","ping_status":"closed","sticky":false,"template":"","format":"standard","meta":{"om_disable_all_campaigns":false,"_monsterinsights_skip_tracking":false,"_monsterinsights_sitenote_active":false,"_monsterinsights_sitenote_note":"","_monsterinsights_sitenote_category":0,"_uf_show_specific_survey":0,"_uf_disable_surveys":false,"footnotes":""},"categories":[3],"tags":[],"class_list":["post-21336","post","type-post","status-publish","format-standard","has-post-thumbnail","hentry","category-nules"],"_links":{"self":[{"href":"https:\/\/elcafedepipa.com\/index.php\/wp-json\/wp\/v2\/posts\/21336","targetHints":{"allow":["GET"]}}],"collection":[{"href":"https:\/\/elcafedepipa.com\/index.php\/wp-json\/wp\/v2\/posts"}],"about":[{"href":"https:\/\/elcafedepipa.com\/index.php\/wp-json\/wp\/v2\/types\/post"}],"author":[{"embeddable":true,"href":"https:\/\/elcafedepipa.com\/index.php\/wp-json\/wp\/v2\/users\/2"}],"replies":[{"embeddable":true,"href":"https:\/\/elcafedepipa.com\/index.php\/wp-json\/wp\/v2\/comments?post=21336"}],"version-history":[{"count":1,"href":"https:\/\/elcafedepipa.com\/index.php\/wp-json\/wp\/v2\/posts\/21336\/revisions"}],"predecessor-version":[{"id":21338,"href":"https:\/\/elcafedepipa.com\/index.php\/wp-json\/wp\/v2\/posts\/21336\/revisions\/21338"}],"wp:featuredmedia":[{"embeddable":true,"href":"https:\/\/elcafedepipa.com\/index.php\/wp-json\/wp\/v2\/media\/21337"}],"wp:attachment":[{"href":"https:\/\/elcafedepipa.com\/index.php\/wp-json\/wp\/v2\/media?parent=21336"}],"wp:term":[{"taxonomy":"category","embeddable":true,"href":"https:\/\/elcafedepipa.com\/index.php\/wp-json\/wp\/v2\/categories?post=21336"},{"taxonomy":"post_tag","embeddable":true,"href":"https:\/\/elcafedepipa.com\/index.php\/wp-json\/wp\/v2\/tags?post=21336"}],"curies":[{"name":"wp","href":"https:\/\/api.w.org\/{rel}","templated":true}]}}