{"id":21287,"date":"2026-01-28T13:50:49","date_gmt":"2026-01-28T12:50:49","guid":{"rendered":"https:\/\/elcafedepipa.com\/?p=21287"},"modified":"2026-01-28T13:50:50","modified_gmt":"2026-01-28T12:50:50","slug":"almenara-presenta-la-programacio-de-febrer-amb-el-carnestoltes-2026-i-viu-almenara-com-a-cites-destacades","status":"publish","type":"post","link":"https:\/\/elcafedepipa.com\/index.php\/2026\/01\/28\/almenara-presenta-la-programacio-de-febrer-amb-el-carnestoltes-2026-i-viu-almenara-com-a-cites-destacades\/","title":{"rendered":"Almenara presenta la programaci\u00f3 de febrer amb el Carnestoltes 2026 i Viu Almenara com a cites destacades"},"content":{"rendered":"\n<p><strong>L&#8217;Ajuntament aposta per una agenda diversa que combina cultura, esport, falles, tradici\u00f3 i oci per a tots els p\u00fablics<\/strong><\/p>\n\n\n\n<p>L&#8217;Ajuntament d&#8217;Almenara ha presentat la programaci\u00f3 cultural, esportiva i festiva per al mes de febrer de 2026, amb una \u00e0mplia oferta d&#8217;activitats dirigides a tots els p\u00fablics. Entre els esdeveniments m\u00e9s destacats es troben el Carnestoltes 2026 i la jornada festiva de germanor Viu Almenara, dues propostes que concentraran bona part de la participaci\u00f3 ciutadana i l&#8217;ambient festiu del mes.<\/p>\n\n\n\n<p><strong>CARNESTOLTES I VIU ALMENARA<\/strong><\/p>\n\n\n\n<p>El Carnestoltes 2026, que se celebrar\u00e0 el dissabte 14 de febrer, omplir\u00e0 els carrers del municipi de m\u00fasica i animaci\u00f3 amb el concurs de disfresses, la cercavila i l&#8217;espectacle itinerant \u201cDescabezadas\u201d, un concert i una gran festa nocturna en la zona esportiva amb els DJs Royo i Pablo Dom\u00e9nech, consolidant-se com una de les cites m\u00e9s esperades del calendari anual.<\/p>\n\n\n\n<p>Per altra part, el dissabte 28 de febrer tindr\u00e0 lloc la jornada festiva de germanor \u201cViu Almenara\u201d en la Pla\u00e7a del Mol\u00ed, un dia de conviv\u00e8ncia que combinar\u00e0 gastronomia popular de les paelles amb la m\u00fasica en directe (Patxi Ojana i Doya), el karaoke i les activitats d&#8217;oci. La paella popular i les actuacions musicals convertiran aquest esdeveniment en el fermall final de la programaci\u00f3 mensual.<\/p>\n\n\n\n<p><strong>EXPOSICIONS I VISITES GUIADES<\/strong><\/p>\n\n\n\n<p>A m\u00e9s, durant el mes es desenvoluparan nombroses propostes culturals i vinculades al patrimoni, com l&#8217;exposici\u00f3 \u201cDe la pintura a la fotografia\u201d a c\u00e0rrec de GFAL, les visites guiades al Castell (amb la Torre Bivalcadim) i al Conjunt Memorial de la L\u00ednia XYZ, aix\u00ed com la preestrena del documental \u201cHasta encontrarnos\u201d, centrat en la mem\u00f2ria hist\u00f2rica.<\/p>\n\n\n\n<p><strong>FALLES I M\u00daSICA TRADICIONAL<\/strong><\/p>\n\n\n\n<p>L&#8217;agenda tamb\u00e9 inclou activitats musicals i tradicionals, com les exaltacions de les falleres majors de les falles El Comprom\u00eds (dissabte 14) i Pla\u00e7a els Pescadors (diumenge 15), aix\u00ed com la nostra m\u00fasica m\u00e9s tradicional amb la Llavor i \u201cAl cor de la tradici\u00f3, apassionats de la nostra m\u00fasica\u201d el diumenge 22.<\/p>\n\n\n\n<p><strong>ESPORT, SALUT, NUTRICI\u00d3 I LLIBRES<\/strong><\/p>\n\n\n\n<p>Al llarg del mes tamb\u00e9 hi haur\u00e0 esdeveniments esportius de refer\u00e8ncia com la XV Almenara XTREM i la Challenge de la Plana de ciclisme. Als quals se sumaran iniciatives relacionades amb la salut (Taller Salud Consciente) i la nutrici\u00f3 (xarrada de Laura Membrado), sense oblidar la cita liter\u00e0ria amb la presentaci\u00f3 del llibre \u201cSombras Eternas\u201d de l&#8217;autor local R.G. Alexandrelli.<\/p>\n\n\n\n<p>Amb aquesta programaci\u00f3, l&#8217;Ajuntament d&#8217;Almenara reafirma el seu comprom\u00eds amb una oferta cultural variada i de qualitat, pensada per a dinamitzar el municipi i fomentar la participaci\u00f3 ve\u00efnal.<\/p>\n","protected":false},"excerpt":{"rendered":"<p>L&#8217;Ajuntament aposta per una agenda diversa que combina cultura, esport, falles, tradici\u00f3 i oci per a tots els p\u00fablics L&#8217;Ajuntament d&#8217;Almenara ha presentat la programaci\u00f3 cultural, esportiva i festiva per al mes de febrer de 2026, amb una \u00e0mplia oferta d&#8217;activitats dirigides a tots els p\u00fablics. Entre els esdeveniments m\u00e9s destacats es troben el Carnestoltes &#8230; <a title=\"Almenara presenta la programaci\u00f3 de febrer amb el Carnestoltes 2026 i Viu Almenara com a cites destacades\" class=\"read-more\" href=\"https:\/\/elcafedepipa.com\/index.php\/2026\/01\/28\/almenara-presenta-la-programacio-de-febrer-amb-el-carnestoltes-2026-i-viu-almenara-com-a-cites-destacades\/\" aria-label=\"M\u00e9s informaci\u00f3 sobre Almenara presenta la programaci\u00f3 de febrer amb el Carnestoltes 2026 i Viu Almenara com a cites destacades\">Read more<\/a><\/p>\n","protected":false},"author":2,"featured_media":21288,"comment_status":"closed","ping_status":"closed","sticky":false,"template":"","format":"standard","meta":{"om_disable_all_campaigns":false,"_monsterinsights_skip_tracking":false,"_monsterinsights_sitenote_active":false,"_monsterinsights_sitenote_note":"","_monsterinsights_sitenote_category":0,"_uf_show_specific_survey":0,"_uf_disable_surveys":false,"footnotes":""},"categories":[5],"tags":[],"class_list":["post-21287","post","type-post","status-publish","format-standard","has-post-thumbnail","hentry","category-almenara"],"_links":{"self":[{"href":"https:\/\/elcafedepipa.com\/index.php\/wp-json\/wp\/v2\/posts\/21287","targetHints":{"allow":["GET"]}}],"collection":[{"href":"https:\/\/elcafedepipa.com\/index.php\/wp-json\/wp\/v2\/posts"}],"about":[{"href":"https:\/\/elcafedepipa.com\/index.php\/wp-json\/wp\/v2\/types\/post"}],"author":[{"embeddable":true,"href":"https:\/\/elcafedepipa.com\/index.php\/wp-json\/wp\/v2\/users\/2"}],"replies":[{"embeddable":true,"href":"https:\/\/elcafedepipa.com\/index.php\/wp-json\/wp\/v2\/comments?post=21287"}],"version-history":[{"count":2,"href":"https:\/\/elcafedepipa.com\/index.php\/wp-json\/wp\/v2\/posts\/21287\/revisions"}],"predecessor-version":[{"id":21290,"href":"https:\/\/elcafedepipa.com\/index.php\/wp-json\/wp\/v2\/posts\/21287\/revisions\/21290"}],"wp:featuredmedia":[{"embeddable":true,"href":"https:\/\/elcafedepipa.com\/index.php\/wp-json\/wp\/v2\/media\/21288"}],"wp:attachment":[{"href":"https:\/\/elcafedepipa.com\/index.php\/wp-json\/wp\/v2\/media?parent=21287"}],"wp:term":[{"taxonomy":"category","embeddable":true,"href":"https:\/\/elcafedepipa.com\/index.php\/wp-json\/wp\/v2\/categories?post=21287"},{"taxonomy":"post_tag","embeddable":true,"href":"https:\/\/elcafedepipa.com\/index.php\/wp-json\/wp\/v2\/tags?post=21287"}],"curies":[{"name":"wp","href":"https:\/\/api.w.org\/{rel}","templated":true}]}}