{"id":21284,"date":"2026-01-28T13:39:54","date_gmt":"2026-01-28T12:39:54","guid":{"rendered":"https:\/\/elcafedepipa.com\/?p=21284"},"modified":"2026-01-28T13:39:56","modified_gmt":"2026-01-28T12:39:56","slug":"el-pspv-psoe-de-castello-retreu-a-pp-vox-i-junts-que-facen-pagar-a-la-gent-gran-i-les-families-mes-vulnerables-la-seua-batalla-politica-contra-el-govern","status":"publish","type":"post","link":"https:\/\/elcafedepipa.com\/index.php\/2026\/01\/28\/el-pspv-psoe-de-castello-retreu-a-pp-vox-i-junts-que-facen-pagar-a-la-gent-gran-i-les-families-mes-vulnerables-la-seua-batalla-politica-contra-el-govern\/","title":{"rendered":"El PSPV-PSOE de Castell\u00f3 retreu a PP, Vox i Junts &#8220;que facen pagar a la gent gran i les fam\u00edlies m\u00e9s vulnerables la seua batalla pol\u00edtica contra el Govern&#8221;"},"content":{"rendered":"\n<p>El PSPV-PSOE de Castell\u00f3 ha alertat este dimecres que la uni\u00f3 de PP, Vox i Junts \u201cen contra dels castellonencs tindr\u00e0 efectes immediats i nocius en la gent gran, les fam\u00edlies amb menys recursos i totes les persones que ja viuen al l\u00edmit\u201d. La diputada al Congr\u00e9s Susana Ros ha lamentat que les dretes utilitzen l\u2019escut social com a ostatge per a debilitar el Govern i hagen tombat iniciatives com la revaloritzaci\u00f3 de les pensions. \u201c\u00c9s menyspreable que persones amb un gran poder adquisitiu estiguen posant en risc els ingressos de la nostra gent major\u201d, ha advertit.<\/p>\n\n\n\n<p>La dirigent socialista ha criticat que \u201cestem en un moment pol\u00edtic en qu\u00e8 les dretes van a una per a bloquejar qualsevol avan\u00e7 social\u201d i ha remarcat que la gent s\u2019ha d\u2019adonar \u201ca qui no representa la dreta de PP, Vox i Junts\u201d.<\/p>\n\n\n\n<p>En esta l\u00ednia, Ros ha advertit de l\u2019impacte directe d\u2019esta decisi\u00f3 en la vida quotidiana de milers de fam\u00edlies castellonenques i ha assenyalat que el PP propicia que milers de llars es queden sense garanties i puguen tornar a patir talls d\u2019aigua, llum o gas. \u201cA m\u00e9s a m\u00e9s, tampoc s\u2019amplien les ajudes per a la reconstrucci\u00f3 dels pobles afectats per la DANA del 29 d\u2019octubre o pels incendis del passat estiu. \u00c9s un vot que no t\u00e9 cap tipus de trellat\u201d.<\/p>\n\n\n\n<p>\u201cEl PP i els seus sequaces han convertit la pol\u00edtica en un camp de batalla en qu\u00e8 els drets de tots s\u2019han convertit en l\u2019arma d\u2019atac al Govern\u201d, ha denunciat Susana Ros. Davant d\u2019aix\u00f2, la diputada castellonenca ha assegurat que el PSOE \u201cno abaixar\u00e0 el cap i continuar\u00e0 treballant pel b\u00e9 com\u00fa i defensant els interessos de tots els valencians i castellonencs\u201d. \u201cVolem m\u00e9s drets, no m\u00e9s xantatges\u201d.<\/p>\n","protected":false},"excerpt":{"rendered":"<p>El PSPV-PSOE de Castell\u00f3 ha alertat este dimecres que la uni\u00f3 de PP, Vox i Junts \u201cen contra dels castellonencs tindr\u00e0 efectes immediats i nocius en la gent gran, les fam\u00edlies amb menys recursos i totes les persones que ja viuen al l\u00edmit\u201d. La diputada al Congr\u00e9s Susana Ros ha lamentat que les dretes utilitzen &#8230; <a title=\"El PSPV-PSOE de Castell\u00f3 retreu a PP, Vox i Junts &#8220;que facen pagar a la gent gran i les fam\u00edlies m\u00e9s vulnerables la seua batalla pol\u00edtica contra el Govern&#8221;\" class=\"read-more\" href=\"https:\/\/elcafedepipa.com\/index.php\/2026\/01\/28\/el-pspv-psoe-de-castello-retreu-a-pp-vox-i-junts-que-facen-pagar-a-la-gent-gran-i-les-families-mes-vulnerables-la-seua-batalla-politica-contra-el-govern\/\" aria-label=\"M\u00e9s informaci\u00f3 sobre El PSPV-PSOE de Castell\u00f3 retreu a PP, Vox i Junts &#8220;que facen pagar a la gent gran i les fam\u00edlies m\u00e9s vulnerables la seua batalla pol\u00edtica contra el Govern&#8221;\">Read more<\/a><\/p>\n","protected":false},"author":2,"featured_media":21285,"comment_status":"closed","ping_status":"closed","sticky":false,"template":"","format":"standard","meta":{"om_disable_all_campaigns":false,"_monsterinsights_skip_tracking":false,"_monsterinsights_sitenote_active":false,"_monsterinsights_sitenote_note":"","_monsterinsights_sitenote_category":0,"_uf_show_specific_survey":0,"_uf_disable_surveys":false,"footnotes":""},"categories":[10],"tags":[],"class_list":["post-21284","post","type-post","status-publish","format-standard","has-post-thumbnail","hentry","category-provinciadecastello"],"_links":{"self":[{"href":"https:\/\/elcafedepipa.com\/index.php\/wp-json\/wp\/v2\/posts\/21284","targetHints":{"allow":["GET"]}}],"collection":[{"href":"https:\/\/elcafedepipa.com\/index.php\/wp-json\/wp\/v2\/posts"}],"about":[{"href":"https:\/\/elcafedepipa.com\/index.php\/wp-json\/wp\/v2\/types\/post"}],"author":[{"embeddable":true,"href":"https:\/\/elcafedepipa.com\/index.php\/wp-json\/wp\/v2\/users\/2"}],"replies":[{"embeddable":true,"href":"https:\/\/elcafedepipa.com\/index.php\/wp-json\/wp\/v2\/comments?post=21284"}],"version-history":[{"count":1,"href":"https:\/\/elcafedepipa.com\/index.php\/wp-json\/wp\/v2\/posts\/21284\/revisions"}],"predecessor-version":[{"id":21286,"href":"https:\/\/elcafedepipa.com\/index.php\/wp-json\/wp\/v2\/posts\/21284\/revisions\/21286"}],"wp:featuredmedia":[{"embeddable":true,"href":"https:\/\/elcafedepipa.com\/index.php\/wp-json\/wp\/v2\/media\/21285"}],"wp:attachment":[{"href":"https:\/\/elcafedepipa.com\/index.php\/wp-json\/wp\/v2\/media?parent=21284"}],"wp:term":[{"taxonomy":"category","embeddable":true,"href":"https:\/\/elcafedepipa.com\/index.php\/wp-json\/wp\/v2\/categories?post=21284"},{"taxonomy":"post_tag","embeddable":true,"href":"https:\/\/elcafedepipa.com\/index.php\/wp-json\/wp\/v2\/tags?post=21284"}],"curies":[{"name":"wp","href":"https:\/\/api.w.org\/{rel}","templated":true}]}}