{"id":21280,"date":"2026-01-28T13:18:30","date_gmt":"2026-01-28T12:18:30","guid":{"rendered":"https:\/\/elcafedepipa.com\/?p=21280"},"modified":"2026-01-28T13:18:32","modified_gmt":"2026-01-28T12:18:32","slug":"moncofa-sollicitara-les-obres-de-proteccio-per-al-grau-i-la-declaracio-de-zona-catastrofica-per-al-litoral","status":"publish","type":"post","link":"https:\/\/elcafedepipa.com\/index.php\/2026\/01\/28\/moncofa-sollicitara-les-obres-de-proteccio-per-al-grau-i-la-declaracio-de-zona-catastrofica-per-al-litoral\/","title":{"rendered":"Moncofa sol\u00b7licitar\u00e0 les obres de protecci\u00f3 per al Grau i la declaraci\u00f3 de zona catastr\u00f2fica per al litoral"},"content":{"rendered":"\n<p>\u00b7 Es promou tamb\u00e9 la tramitaci\u00f3 urgent de la reforma de la Llei de Costes per a ampliar la protecci\u00f3 de les casetes del Grau de Moncofa<\/p>\n\n\n\n<p>L&#8217;\u00faltim temporal mar\u00edtim que ha afectat greument el litoral mediterrani ha sigut el denominat Harry, l&#8217;acci\u00f3 directa del qual ha provocat innombrables danys al llarg de la costa valenciana i ha evidenciat la falta d&#8217;atenci\u00f3 i solucions durant d\u00e8cades davant de la regressi\u00f3 marina. En aquest context, el Partit Popular de Moncofa ja treballa per al b\u00e9 com\u00fa dels municipis afectats pel perjudicial temporal i ha elevat una proposta al Ple de l&#8217;Ajuntament que inste el Govern d&#8217;Espanya a declarar com a zona catastr\u00f2fica tot el litoral afectat pel temporal Harry.<\/p>\n\n\n\n<p>&#8220;La voluntat que perseguim \u00e9s protegir la nostra costa dels temporals, que cada vegada s\u00f3n m\u00e9s freq\u00fcents i de major intensitat. No hi ha any que no es repetisquen situacions com les que el Harry ha comportat. Davant d\u2019aquesta situaci\u00f3 hem de respondre amb una actuaci\u00f3 ferma i conjunta, i el primer pas \u00e9s declarar la zona catastr\u00f2fica per a iniciar com m\u00e9s prompte millor els treballs de recuperaci\u00f3 del litoral&#8221;, expressa Wences Al\u00f3s Valls, alcalde de Moncofa. El Ple de l&#8217;Ajuntament de Moncofa insta la recuperaci\u00f3 i reparaci\u00f3 de les zones afectades a trav\u00e9s de la creaci\u00f3 d&#8217;una l\u00ednia d&#8217;ajuda econ\u00f2mica.<\/p>\n\n\n\n<p>La falta d&#8217;aportacions sediment\u00e0ries a les costes, a causa de la construcci\u00f3 d&#8217;embassaments i ports per part de l&#8217;Estat, est\u00e0 provocant aquesta regressi\u00f3 i \u201crequereix actuacions urgents i r\u00e0pides per part de l&#8217;Estat\u201d, assegura l&#8217;alcalde.<\/p>\n\n\n\n<p>&#8220;Ens enfrontem a una situaci\u00f3 en 2026 que \u00e9s recurrent. \u00c9s un problema estructural que arremet contra la nostra costa i contra el qual hem de pensar en un projecte global. A Moncofa i en altres municipis similars s\u00f3n necess\u00e0ries m\u00e9s accions de protecci\u00f3 que tamb\u00e9 regeneren les nostres platges. La desaparici\u00f3 \u00e9s evident i dolorosa pel valor mediambiental que posseeixen. L&#8217;erosi\u00f3 afecta en cada temporal i s&#8217;estreny la nostra l\u00ednia de costa&#8221;, descriu Al\u00f3s Valls, que explica que a Moncofa &#8220;\u00e9s urgent l&#8217;activaci\u00f3 de projectes de regeneraci\u00f3 com el del Grau amb nous espigons i aportaci\u00f3 de graves\u201d.<\/p>\n\n\n\n<p>I \u00e9s que des del 2015 est\u00e0 aprovada l&#8217;estrat\u00e8gia de defensa del litoral sud de Castell\u00f3, amb nombroses actuacions que no s&#8217;han dut a terme. De fet, les obres dels espigons del cam\u00ed Cabres estan catalogades com a urgents i priorit\u00e0ries i han comen\u00e7at 12 anys despr\u00e9s. \u201cPer eixa mateixa ra\u00f3 urgim l&#8217;inici de les obres al tram que afecta el Grau de Moncofa, projecte que va ser anunciat pel Ministeri fa quasi 20 mesos per\u00f2 del qual no tenim not\u00edcies\u201d, assegura l&#8217;alcalde Wences Al\u00f3s Valls.<\/p>\n\n\n\n<p>D&#8217;aquesta manera, a Moncofa es posa la foto tant en solucions concretes per al Harry com en estrat\u00e8gies generals amb l&#8217;objectiu de salvaguardar un futur de garanties per a les poblacions mar\u00edtimes. \u00c9s el cas de Moncofa per\u00f2 tamb\u00e9 d&#8217;altres nuclis urbans molt pr\u00f2xims a la costa com ocorre a Nules, Almenara, Borriana, Orpesa, Torreblanca o Cabanes. &#8220;Els nostres conjunts urbans costaners de tipus tradicional posseeixen un indubtable valor patrimonial, hist\u00f2ric i tamb\u00e9 emocional que s&#8217;han de cuidar m\u00e9s que mai&#8221;, declara el primer edil del municipi de la Plana Baixa.<\/p>\n\n\n\n<p>Modificaci\u00f3 de la Llei de Costes<\/p>\n\n\n\n<p>L&#8217;acord que es pret\u00e9n aconseguir en la sessi\u00f3 plen\u00e0ria de l&#8217;Ajuntament de Moncofa insta la Mesa del Congr\u00e9s dels Diputats al fet que tramite de manera urgent la proposici\u00f3 de llei relativa a la modificaci\u00f3 de la Llei 22\/1988, de 28 de juliol, de Costes, per a permetre la perviv\u00e8ncia de conjunts urbans costaners de tipologia tradicional, remesa pel Senat al mar\u00e7 de 2024 i aprovada la presa en consideraci\u00f3 pel Congr\u00e9s dels Diputats el 10 de juny de 2025.<\/p>\n\n\n\n<p>&#8220;\u00c9s una problem\u00e0tica que ha de tindre el suport de totes les forces pol\u00edtiques amb representaci\u00f3 local. Altres acords ja aprovats van tindre el suport necessari i aquest episodi ha de mantindre una l\u00ednia uniforme entre tots els partits, igual que recentment en la Diputaci\u00f3 de Castell\u00f3. Les persones propiet\u00e0ries veuen com els seus habitatges estan en perill i tamb\u00e9 del conjunt de la ciutadania que veiem amena\u00e7at el nostre patrimoni etnol\u00f2gic&#8221;, argumenta l&#8217;alcalde de Moncofa, que afig que la Llei 22\/1988 de Costes ha demostrat &#8220;ser una amena\u00e7a per als conjunts urbans costaners de la prov\u00edncia de Castell\u00f3 situats enfront de la mar&#8221;.<\/p>\n\n\n\n<figure class=\"wp-block-image size-large\"><img fetchpriority=\"high\" decoding=\"async\" width=\"1024\" height=\"576\" src=\"https:\/\/elcafedepipa.com\/wp-content\/uploads\/2026\/01\/fca1c340-7732-4b59-b289-4a45a581e5c4-1024x576.jpg\" alt=\"\" class=\"wp-image-21282\" srcset=\"https:\/\/elcafedepipa.com\/wp-content\/uploads\/2026\/01\/fca1c340-7732-4b59-b289-4a45a581e5c4-1024x576.jpg 1024w, https:\/\/elcafedepipa.com\/wp-content\/uploads\/2026\/01\/fca1c340-7732-4b59-b289-4a45a581e5c4-300x169.jpg 300w, https:\/\/elcafedepipa.com\/wp-content\/uploads\/2026\/01\/fca1c340-7732-4b59-b289-4a45a581e5c4-768x432.jpg 768w, https:\/\/elcafedepipa.com\/wp-content\/uploads\/2026\/01\/fca1c340-7732-4b59-b289-4a45a581e5c4-1536x864.jpg 1536w, https:\/\/elcafedepipa.com\/wp-content\/uploads\/2026\/01\/fca1c340-7732-4b59-b289-4a45a581e5c4.jpg 2048w\" sizes=\"(max-width: 1024px) 100vw, 1024px\" \/><\/figure>\n","protected":false},"excerpt":{"rendered":"<p>\u00b7 Es promou tamb\u00e9 la tramitaci\u00f3 urgent de la reforma de la Llei de Costes per a ampliar la protecci\u00f3 de les casetes del Grau de Moncofa L&#8217;\u00faltim temporal mar\u00edtim que ha afectat greument el litoral mediterrani ha sigut el denominat Harry, l&#8217;acci\u00f3 directa del qual ha provocat innombrables danys al llarg de la costa &#8230; <a title=\"Moncofa sol\u00b7licitar\u00e0 les obres de protecci\u00f3 per al Grau i la declaraci\u00f3 de zona catastr\u00f2fica per al litoral\" class=\"read-more\" href=\"https:\/\/elcafedepipa.com\/index.php\/2026\/01\/28\/moncofa-sollicitara-les-obres-de-proteccio-per-al-grau-i-la-declaracio-de-zona-catastrofica-per-al-litoral\/\" aria-label=\"M\u00e9s informaci\u00f3 sobre Moncofa sol\u00b7licitar\u00e0 les obres de protecci\u00f3 per al Grau i la declaraci\u00f3 de zona catastr\u00f2fica per al litoral\">Read more<\/a><\/p>\n","protected":false},"author":2,"featured_media":21281,"comment_status":"closed","ping_status":"closed","sticky":false,"template":"","format":"standard","meta":{"om_disable_all_campaigns":false,"_monsterinsights_skip_tracking":false,"_monsterinsights_sitenote_active":false,"_monsterinsights_sitenote_note":"","_monsterinsights_sitenote_category":0,"_uf_show_specific_survey":0,"_uf_disable_surveys":false,"footnotes":""},"categories":[4],"tags":[],"class_list":["post-21280","post","type-post","status-publish","format-standard","has-post-thumbnail","hentry","category-moncofa"],"_links":{"self":[{"href":"https:\/\/elcafedepipa.com\/index.php\/wp-json\/wp\/v2\/posts\/21280","targetHints":{"allow":["GET"]}}],"collection":[{"href":"https:\/\/elcafedepipa.com\/index.php\/wp-json\/wp\/v2\/posts"}],"about":[{"href":"https:\/\/elcafedepipa.com\/index.php\/wp-json\/wp\/v2\/types\/post"}],"author":[{"embeddable":true,"href":"https:\/\/elcafedepipa.com\/index.php\/wp-json\/wp\/v2\/users\/2"}],"replies":[{"embeddable":true,"href":"https:\/\/elcafedepipa.com\/index.php\/wp-json\/wp\/v2\/comments?post=21280"}],"version-history":[{"count":1,"href":"https:\/\/elcafedepipa.com\/index.php\/wp-json\/wp\/v2\/posts\/21280\/revisions"}],"predecessor-version":[{"id":21283,"href":"https:\/\/elcafedepipa.com\/index.php\/wp-json\/wp\/v2\/posts\/21280\/revisions\/21283"}],"wp:featuredmedia":[{"embeddable":true,"href":"https:\/\/elcafedepipa.com\/index.php\/wp-json\/wp\/v2\/media\/21281"}],"wp:attachment":[{"href":"https:\/\/elcafedepipa.com\/index.php\/wp-json\/wp\/v2\/media?parent=21280"}],"wp:term":[{"taxonomy":"category","embeddable":true,"href":"https:\/\/elcafedepipa.com\/index.php\/wp-json\/wp\/v2\/categories?post=21280"},{"taxonomy":"post_tag","embeddable":true,"href":"https:\/\/elcafedepipa.com\/index.php\/wp-json\/wp\/v2\/tags?post=21280"}],"curies":[{"name":"wp","href":"https:\/\/api.w.org\/{rel}","templated":true}]}}