{"id":21274,"date":"2026-01-28T12:24:21","date_gmt":"2026-01-28T11:24:21","guid":{"rendered":"https:\/\/elcafedepipa.com\/?p=21274"},"modified":"2026-01-28T12:24:22","modified_gmt":"2026-01-28T11:24:22","slug":"la-vall-duixo-presenta-la-programacio-cultura-per-la-pau-2026-amb-activitats-culturals-educatives-i-socials","status":"publish","type":"post","link":"https:\/\/elcafedepipa.com\/index.php\/2026\/01\/28\/la-vall-duixo-presenta-la-programacio-cultura-per-la-pau-2026-amb-activitats-culturals-educatives-i-socials\/","title":{"rendered":"La Vall d\u2019Uix\u00f3 presenta la programaci\u00f3 Cultura per la Pau 2026 amb activitats culturals, educatives i socials"},"content":{"rendered":"\n<p>La iniciativa aposta pel di\u00e0leg, la conviv\u00e8ncia i l\u2019educaci\u00f3 per la pau per a \u201cimpulsar grans canvis\u201d des de \u201cles xicotetes accions\u201d<\/p>\n\n\n\n<p>L\u2019Ajuntament de la Vall d\u2019Uix\u00f3 ha presentat la programaci\u00f3 Cultura per la Pau 2026, una proposta impulsada per la Regidoria de Cultura amb la col\u00b7laboraci\u00f3 de les regidories d\u2019Educaci\u00f3 i de Serveis Socials, que inclou activitats culturals, educatives i de sensibilitzaci\u00f3 al voltant de la pau, els bons tractes i la conviv\u00e8ncia.<\/p>\n\n\n\n<p>El regidor de Cultura, Jorge Marqu\u00e9s, ha qualificat el programa de \u201cradical\u201d, perqu\u00e8 \u201cen els temps que corren parlar de pau, estima, bons tractes, cures o di\u00e0leg \u00e9s radicalment hum\u00e0\u201d. Marqu\u00e9s ha insistit tamb\u00e9 que \u201ccon\u00e9ixer els altres \u00e9s recon\u00e9ixer, crear vincles i fer comunitat, perqu\u00e8 el que no es coneix no es pot estimar\u201d, i ha destacat que \u201cen les xicotetes accions trobem grans canvis\u201d.<\/p>\n\n\n\n<p>Durant el mes de gener ja s\u2019han dut a terme diverses activitats. A la xarxa de biblioteques municipals s\u2019ha preparat una selecci\u00f3 de llibres infantils, de ficci\u00f3 i informatius sobre la pau, mentre que als centres educatius s\u2019han realitzat tallers interculturals. A m\u00e9s, al llarg del curs, l\u2019alumnat de prim\u00e0ria i secund\u00e0ria rep el kit d\u2019educaci\u00f3 per la pau del Centre Del\u00e0s, amb llibres, recursos, guies did\u00e0ctiques i materials per a treballar din\u00e0miques de pau a l\u2019aula.<\/p>\n\n\n\n<p>Al llarg del mes tamb\u00e9 s\u2019ha inaugurat el mural commemoratiu dels 50 anys de democr\u00e0cia i s\u2019ha celebrat la tert\u00falia per la pau sobre dones en zones de conflicte, organitzada per l\u2019Associaci\u00f3 de Dones Clara Campoamor. No obstant, el gruix de la programaci\u00f3 tindr\u00e0 lloc a partir del 30 de gener, Dia Escolar de la Pau i la No-viol\u00e8ncia.<\/p>\n\n\n\n<p>Esta efem\u00e8ride es commemorar\u00e0 amb un acte central en el qual participar\u00e0 l\u2019alumnat de 3r de prim\u00e0ria, a les 11.00 hores, a l\u2019arbre de la pau situat a l\u2019estaci\u00f3 d\u2019autobusos. En aquest acte, l\u2019alumnat llegir\u00e0 reflexions sobre la pau, penjar\u00e0 desitjos a l\u2019arbre de la pau \u2014obra de l\u2019artista local Pere Ribera\u2014, dramatitzar\u00e0 la biografia del fil\u00f2sof valler Vicent Mart\u00ednez Guzm\u00e1n i interpretar\u00e0 la can\u00e7\u00f3 de la pau acompanyat per la cantautora de la Vall Maria Plazas.<\/p>\n\n\n\n<p>Per la seua banda, el regidor d\u2019Educaci\u00f3, Manel Agea, ha destacat la col\u00b7laboraci\u00f3 entre l\u2019Ajuntament i la societat civil, que demostra \u201cla traject\u00f2ria de treball per la pau que existeix a la Vall i que replega el llegat de Vicent Mart\u00ednez Guzm\u00e1n\u201d. Agea ha remarcat<\/p>\n\n\n\n<p>tamb\u00e9 que \u00e9s \u201cfonamental\u201d la implicaci\u00f3 del m\u00f3n educatiu, perqu\u00e8 \u201cl\u2019educaci\u00f3 garanteix una societat m\u00e9s igualit\u00e0ria, justa, democr\u00e0tica i en pau, enfront del soroll, l\u2019odi i l\u2019assenyalament al diferent\u201d.<\/p>\n\n\n\n<p>La programaci\u00f3 continuar\u00e0 el 3 de febrer, a les 18.30 hores, a la biblioteca municipal, amb la taula redona \u2018Paraules de pau: curadores\u2019. El 4 de febrer, a les 17.30 hores, tamb\u00e9 a la biblioteca, tindr\u00e0 lloc la xarrada \u2018Nacionalisme, guerra i desordre: l\u2019impacte del trumpisme al m\u00f3n\u2019, a c\u00e0rrec de Jes\u00fas N\u00fa\u00f1ez, amb la col\u00b7laboraci\u00f3 del Centre Del\u00e0s i del M\u00e0ster Universitari d\u2019Estudis de Pau de la Universitat Jaume I. Finalment, el 5 de febrer, a les 18.30 hores, la biblioteca acollir\u00e0 la confer\u00e8ncia \u2018Com millorar el m\u00f3n a trav\u00e9s de la qu\u00edmica\u2019, a c\u00e0rrec d\u2019Avel\u00b7l\u00ed Corma, en una activitat organitzada per Amics de la Vall.<\/p>\n\n\n\n<p>L\u2019Ajuntament compta amb la col\u00b7laboraci\u00f3 de la xarxa de biblioteques, el Centre Del\u00e0s, Pangea, Amics de la Vall, la Universitat Jaume I i l\u2019Associaci\u00f3 de Dones Clara Campoamor per fer possible aquesta programaci\u00f3.<\/p>\n\n\n\n<figure class=\"wp-block-image size-large\"><img fetchpriority=\"high\" decoding=\"async\" width=\"724\" height=\"1024\" src=\"https:\/\/elcafedepipa.com\/wp-content\/uploads\/2026\/01\/Cultura-pau-724x1024.jpeg\" alt=\"\" class=\"wp-image-21277\" srcset=\"https:\/\/elcafedepipa.com\/wp-content\/uploads\/2026\/01\/Cultura-pau-724x1024.jpeg 724w, https:\/\/elcafedepipa.com\/wp-content\/uploads\/2026\/01\/Cultura-pau-212x300.jpeg 212w, https:\/\/elcafedepipa.com\/wp-content\/uploads\/2026\/01\/Cultura-pau-768x1086.jpeg 768w, https:\/\/elcafedepipa.com\/wp-content\/uploads\/2026\/01\/Cultura-pau.jpeg 842w\" sizes=\"(max-width: 724px) 100vw, 724px\" \/><\/figure>\n","protected":false},"excerpt":{"rendered":"<p>La iniciativa aposta pel di\u00e0leg, la conviv\u00e8ncia i l\u2019educaci\u00f3 per la pau per a \u201cimpulsar grans canvis\u201d des de \u201cles xicotetes accions\u201d L\u2019Ajuntament de la Vall d\u2019Uix\u00f3 ha presentat la programaci\u00f3 Cultura per la Pau 2026, una proposta impulsada per la Regidoria de Cultura amb la col\u00b7laboraci\u00f3 de les regidories d\u2019Educaci\u00f3 i de Serveis Socials, &#8230; <a title=\"La Vall d\u2019Uix\u00f3 presenta la programaci\u00f3 Cultura per la Pau 2026 amb activitats culturals, educatives i socials\" class=\"read-more\" href=\"https:\/\/elcafedepipa.com\/index.php\/2026\/01\/28\/la-vall-duixo-presenta-la-programacio-cultura-per-la-pau-2026-amb-activitats-culturals-educatives-i-socials\/\" aria-label=\"M\u00e9s informaci\u00f3 sobre La Vall d\u2019Uix\u00f3 presenta la programaci\u00f3 Cultura per la Pau 2026 amb activitats culturals, educatives i socials\">Read more<\/a><\/p>\n","protected":false},"author":2,"featured_media":21278,"comment_status":"closed","ping_status":"closed","sticky":false,"template":"","format":"standard","meta":{"om_disable_all_campaigns":false,"_monsterinsights_skip_tracking":false,"_monsterinsights_sitenote_active":false,"_monsterinsights_sitenote_note":"","_monsterinsights_sitenote_category":0,"_uf_show_specific_survey":0,"_uf_disable_surveys":false,"footnotes":""},"categories":[2],"tags":[],"class_list":["post-21274","post","type-post","status-publish","format-standard","has-post-thumbnail","hentry","category-lavallduixo"],"_links":{"self":[{"href":"https:\/\/elcafedepipa.com\/index.php\/wp-json\/wp\/v2\/posts\/21274","targetHints":{"allow":["GET"]}}],"collection":[{"href":"https:\/\/elcafedepipa.com\/index.php\/wp-json\/wp\/v2\/posts"}],"about":[{"href":"https:\/\/elcafedepipa.com\/index.php\/wp-json\/wp\/v2\/types\/post"}],"author":[{"embeddable":true,"href":"https:\/\/elcafedepipa.com\/index.php\/wp-json\/wp\/v2\/users\/2"}],"replies":[{"embeddable":true,"href":"https:\/\/elcafedepipa.com\/index.php\/wp-json\/wp\/v2\/comments?post=21274"}],"version-history":[{"count":1,"href":"https:\/\/elcafedepipa.com\/index.php\/wp-json\/wp\/v2\/posts\/21274\/revisions"}],"predecessor-version":[{"id":21279,"href":"https:\/\/elcafedepipa.com\/index.php\/wp-json\/wp\/v2\/posts\/21274\/revisions\/21279"}],"wp:featuredmedia":[{"embeddable":true,"href":"https:\/\/elcafedepipa.com\/index.php\/wp-json\/wp\/v2\/media\/21278"}],"wp:attachment":[{"href":"https:\/\/elcafedepipa.com\/index.php\/wp-json\/wp\/v2\/media?parent=21274"}],"wp:term":[{"taxonomy":"category","embeddable":true,"href":"https:\/\/elcafedepipa.com\/index.php\/wp-json\/wp\/v2\/categories?post=21274"},{"taxonomy":"post_tag","embeddable":true,"href":"https:\/\/elcafedepipa.com\/index.php\/wp-json\/wp\/v2\/tags?post=21274"}],"curies":[{"name":"wp","href":"https:\/\/api.w.org\/{rel}","templated":true}]}}