{"id":21273,"date":"2026-01-28T12:22:33","date_gmt":"2026-01-28T11:22:33","guid":{"rendered":"https:\/\/elcafedepipa.com\/?p=21273"},"modified":"2026-01-28T12:23:59","modified_gmt":"2026-01-28T11:23:59","slug":"el-ppcv-celebra-que-sintroduisquen-garanties-en-mercosur-per-als-nostres-agricultors-i-ramaders","status":"publish","type":"post","link":"https:\/\/elcafedepipa.com\/index.php\/2026\/01\/28\/el-ppcv-celebra-que-sintroduisquen-garanties-en-mercosur-per-als-nostres-agricultors-i-ramaders\/","title":{"rendered":"El PPCV celebra que \u201cs\u2019introdu\u00efsquen garanties en Mercosur per als nostres agricultors i ramaders\u201d"},"content":{"rendered":"\n<p>\u00b7 El portaveu d\u2019Agricultura del GPP, Luis Mart\u00ednez, acusa Vicent Marz\u00e0 d\u2019abstindre\u2019s a la UE \u201ctot i que esta modificaci\u00f3 del tractat beneficia els interessos valencians\u201d<\/p>\n\n\n\n<p>\u00b7 \u201cEs paralitzar\u00e0 de manera autom\u00e0tica si es detecten distorsions en el mercat\u201d<\/p>\n\n\n\n<p>El portaveu d\u2019Agricultura del GPP, Luis Mart\u00ednez, ha celebrat que \u201cs\u2019introdu\u00efsquen garanties en Mercosur per als nostres agricultors i ramaders amb l\u2019aprovaci\u00f3 a la UE de l\u2019activaci\u00f3 autom\u00e0tica de les cl\u00e0usules de salvaguarda\u201d.<\/p>\n\n\n\n<p>Luis Mart\u00ednez ha assenyalat que \u201cgr\u00e0cies al PP es va aprovar ahir esta modificaci\u00f3 de Mercosur\u201d i ha recriminat a l\u2019eurodiputat de Comprom\u00eds Vicent Marz\u00e0 no haver-la recolzada amb el seu vot. \u201cEls qui s\u2019omplin la boca parlant de la defensa dels valencians despr\u00e9s s\u00f3n els primers que s\u2019abstenen i no tenen cap reparo a anteposar els seus prejudicis ideol\u00f2gics als interessos dels nostres agricultors\u201d.<\/p>\n\n\n\n<p>El diputat popular ha indicat que \u201ceste avan\u00e7 \u00e9s el resultat de la pressi\u00f3 constant exercida des de les organitzacions agr\u00e0ries i la Generalitat a Brussel\u00b7les. Porten treballant conjuntament des de fa mesos per a aconseguir este acord amb el qual s\u2019introdu\u00efxen garanties reals per al sector primari, protegint-lo amb mesures que garantixen la seguretat i la igualtat de condicions amb els productes que venen de fora\u201d.<\/p>\n\n\n\n<p>Luis Mart\u00ednez ha explicat que \u201cel que suposa esta modificaci\u00f3 \u00e9s la paralitzaci\u00f3 del tractat de manera autom\u00e0tica si es detecten distorsions en el mercat. S\u2019activar\u00e0 la cl\u00e0usula de salvaguarda si els agricultors de la Comunitat Valenciana o de la resta d\u2019Espanya es veuen afectats per una caiguda del 5 % dels preus o un augment de les importacions. A m\u00e9s, s\u2019inclou l\u2019exig\u00e8ncia de multiplicar els controls en frontera i la reciprocitat en l\u2019\u00fas de productes fitosanitaris\u201d.<\/p>\n\n\n\n<p>Mart\u00ednez ha afirmat que \u201camb este nou marc jur\u00eddic es garantix un sistema reglat, autom\u00e0tic i just per als nostres agricultors, fonamental en la protecci\u00f3 de la renda agr\u00e0ria\u201d.<\/p>\n","protected":false},"excerpt":{"rendered":"<p>\u00b7 El portaveu d\u2019Agricultura del GPP, Luis Mart\u00ednez, acusa Vicent Marz\u00e0 d\u2019abstindre\u2019s a la UE \u201ctot i que esta modificaci\u00f3 del tractat beneficia els interessos valencians\u201d \u00b7 \u201cEs paralitzar\u00e0 de manera autom\u00e0tica si es detecten distorsions en el mercat\u201d El portaveu d\u2019Agricultura del GPP, Luis Mart\u00ednez, ha celebrat que \u201cs\u2019introdu\u00efsquen garanties en Mercosur per als &#8230; <a title=\"El PPCV celebra que \u201cs\u2019introdu\u00efsquen garanties en Mercosur per als nostres agricultors i ramaders\u201d\" class=\"read-more\" href=\"https:\/\/elcafedepipa.com\/index.php\/2026\/01\/28\/el-ppcv-celebra-que-sintroduisquen-garanties-en-mercosur-per-als-nostres-agricultors-i-ramaders\/\" aria-label=\"M\u00e9s informaci\u00f3 sobre El PPCV celebra que \u201cs\u2019introdu\u00efsquen garanties en Mercosur per als nostres agricultors i ramaders\u201d\">Read more<\/a><\/p>\n","protected":false},"author":2,"featured_media":21275,"comment_status":"closed","ping_status":"closed","sticky":false,"template":"","format":"standard","meta":{"om_disable_all_campaigns":false,"_monsterinsights_skip_tracking":false,"_monsterinsights_sitenote_active":false,"_monsterinsights_sitenote_note":"","_monsterinsights_sitenote_category":0,"_uf_show_specific_survey":0,"_uf_disable_surveys":false,"footnotes":""},"categories":[10],"tags":[],"class_list":["post-21273","post","type-post","status-publish","format-standard","has-post-thumbnail","hentry","category-provinciadecastello"],"_links":{"self":[{"href":"https:\/\/elcafedepipa.com\/index.php\/wp-json\/wp\/v2\/posts\/21273","targetHints":{"allow":["GET"]}}],"collection":[{"href":"https:\/\/elcafedepipa.com\/index.php\/wp-json\/wp\/v2\/posts"}],"about":[{"href":"https:\/\/elcafedepipa.com\/index.php\/wp-json\/wp\/v2\/types\/post"}],"author":[{"embeddable":true,"href":"https:\/\/elcafedepipa.com\/index.php\/wp-json\/wp\/v2\/users\/2"}],"replies":[{"embeddable":true,"href":"https:\/\/elcafedepipa.com\/index.php\/wp-json\/wp\/v2\/comments?post=21273"}],"version-history":[{"count":1,"href":"https:\/\/elcafedepipa.com\/index.php\/wp-json\/wp\/v2\/posts\/21273\/revisions"}],"predecessor-version":[{"id":21276,"href":"https:\/\/elcafedepipa.com\/index.php\/wp-json\/wp\/v2\/posts\/21273\/revisions\/21276"}],"wp:featuredmedia":[{"embeddable":true,"href":"https:\/\/elcafedepipa.com\/index.php\/wp-json\/wp\/v2\/media\/21275"}],"wp:attachment":[{"href":"https:\/\/elcafedepipa.com\/index.php\/wp-json\/wp\/v2\/media?parent=21273"}],"wp:term":[{"taxonomy":"category","embeddable":true,"href":"https:\/\/elcafedepipa.com\/index.php\/wp-json\/wp\/v2\/categories?post=21273"},{"taxonomy":"post_tag","embeddable":true,"href":"https:\/\/elcafedepipa.com\/index.php\/wp-json\/wp\/v2\/tags?post=21273"}],"curies":[{"name":"wp","href":"https:\/\/api.w.org\/{rel}","templated":true}]}}