{"id":2127,"date":"2024-06-19T12:44:51","date_gmt":"2024-06-19T10:44:51","guid":{"rendered":"https:\/\/elcafedepipa.com\/?p=2127"},"modified":"2024-06-19T12:44:53","modified_gmt":"2024-06-19T10:44:53","slug":"el-consorci-provincial-de-bombers-millora-la-capacitat-de-resposta-en-possibles-intervencions-a-realitzar-en-inundacions-o-riuades","status":"publish","type":"post","link":"https:\/\/elcafedepipa.com\/index.php\/2024\/06\/19\/el-consorci-provincial-de-bombers-millora-la-capacitat-de-resposta-en-possibles-intervencions-a-realitzar-en-inundacions-o-riuades\/","title":{"rendered":"El Consorci Provincial de Bombers millora la capacitat de resposta en possibles intervencions a realitzar en inundacions o riuades"},"content":{"rendered":"\n<p style=\"font-size:24px\"><strong>La formaci\u00f3 dirigida a la totalitat dels bombers professionals ha incidit en el rescat de persones en aig\u00fces en moviment<\/strong><\/p>\n\n\n\n<p>El Consorci Provincial de Bombers de la Diputaci\u00f3 de Castell\u00f3 ha millorat la seua capacitat de resposta en possibles intervencions a realitzar en inundacions o riuades. Amb l&#8217;objectiu de millorar la capacitat de resposta a l&#8217;hora d&#8217;intervindre en actuacions que\u00a0requereixen\u00a0el rescat de persones en aig\u00fces en moviment com a inundacions o riuades, posant l&#8217;accent principalment en rescats en \u00e8poques de fortes pluges, s&#8217;ha dut a terme un curs de formaci\u00f3 dirigit a la totalitat de bombers professionals.<\/p>\n\n\n\n<p>Aix\u00ed ho ha explicat el diputat de Bombers, David&nbsp;Vicente, qui ha ressaltat la import\u00e0ncia d&#8217;este curs formatiu, el qual ha consistit en 10 jornades teoricopr\u00e0ctiques. \u201c\u00c9s molt important que els bombers de la instituci\u00f3 provincial estiguen preparats per a fer front a esta mena d&#8217;actuacions que puguen donar-se en qualsevol part de la prov\u00edncia i en qualsevol moment de l&#8217;any\u201d, ha expressat el diputat provincial.<\/p>\n\n\n\n<p>Durant el curs, que s&#8217;ha celebrat a la localitat de Montanejos, s&#8217;ha impartit la formaci\u00f3 en horari remunerat fora de gu\u00e0rdia. En la formaci\u00f3, s&#8217;han posat en pr\u00e0ctica t\u00e8cniques de progressi\u00f3 i seguretat a aplicar en possibles intervencions en aig\u00fces vives, com les que es puguen produir en qualsevol dels rius i barrancs que discorren per la prov\u00edncia, especialment en rescats en \u00e8poques de fortes pluges.<\/p>\n\n\n\n<p>David&nbsp;Vicente&nbsp;ha destacat que estes pr\u00e0ctiques formatives s&#8217;han realitzat amb el nou equipament de rescat en aig\u00fces braves que el Consorci Provincial ha adquirit recentment i amb el qual ja compten tots els quatre parcs de bombers professionals. \u201cFins ara, este material espec\u00edfic nom\u00e9s estava disponible en la Unitat de Rescat Aqu\u00e0tic (URA)\u201d, ha ressaltat el diputat provincial.<\/p>\n\n\n\n<p>Cal tindre en compte que, a vegades,&nbsp;coincideixen&nbsp;diverses situacions de rescats que, per simultane\u00eftat o per tipologia, no s\u00f3n atesos pel&nbsp;URA. D&#8217;ac\u00ed la import\u00e0ncia d&#8217;esta mena de formaci\u00f3 perqu\u00e8 puguen actuar les dotacions de bombers de gu\u00e0rdia en qualsevol dels parcs.<\/p>\n\n\n\n<p>Amb tot, es tracta de millorar la resposta i la seguretat de tots els bombers davant situacions de rescats diversos, com per exemple en els episodis de DANA que&nbsp;pateix&nbsp;regularment la prov\u00edncia, millorant la formaci\u00f3 de tota la plantilla tant en l&#8217;efic\u00e0cia de la intervenci\u00f3 com en la seguretat dels intervinents.<\/p>\n","protected":false},"excerpt":{"rendered":"<p>La formaci\u00f3 dirigida a la totalitat dels bombers professionals ha incidit en el rescat de persones en aig\u00fces en moviment El Consorci Provincial de Bombers de la Diputaci\u00f3 de Castell\u00f3 ha millorat la seua capacitat de resposta en possibles intervencions a realitzar en inundacions o riuades. Amb l&#8217;objectiu de millorar la capacitat de resposta a &#8230; <a title=\"El Consorci Provincial de Bombers millora la capacitat de resposta en possibles intervencions a realitzar en inundacions o riuades\" class=\"read-more\" href=\"https:\/\/elcafedepipa.com\/index.php\/2024\/06\/19\/el-consorci-provincial-de-bombers-millora-la-capacitat-de-resposta-en-possibles-intervencions-a-realitzar-en-inundacions-o-riuades\/\" aria-label=\"M\u00e9s informaci\u00f3 sobre El Consorci Provincial de Bombers millora la capacitat de resposta en possibles intervencions a realitzar en inundacions o riuades\">Read more<\/a><\/p>\n","protected":false},"author":2,"featured_media":0,"comment_status":"closed","ping_status":"closed","sticky":false,"template":"","format":"standard","meta":{"om_disable_all_campaigns":false,"_monsterinsights_skip_tracking":false,"_monsterinsights_sitenote_active":false,"_monsterinsights_sitenote_note":"","_monsterinsights_sitenote_category":0,"_uf_show_specific_survey":0,"_uf_disable_surveys":false,"footnotes":""},"categories":[10],"tags":[],"class_list":["post-2127","post","type-post","status-publish","format-standard","hentry","category-provinciadecastello"],"_links":{"self":[{"href":"https:\/\/elcafedepipa.com\/index.php\/wp-json\/wp\/v2\/posts\/2127","targetHints":{"allow":["GET"]}}],"collection":[{"href":"https:\/\/elcafedepipa.com\/index.php\/wp-json\/wp\/v2\/posts"}],"about":[{"href":"https:\/\/elcafedepipa.com\/index.php\/wp-json\/wp\/v2\/types\/post"}],"author":[{"embeddable":true,"href":"https:\/\/elcafedepipa.com\/index.php\/wp-json\/wp\/v2\/users\/2"}],"replies":[{"embeddable":true,"href":"https:\/\/elcafedepipa.com\/index.php\/wp-json\/wp\/v2\/comments?post=2127"}],"version-history":[{"count":0,"href":"https:\/\/elcafedepipa.com\/index.php\/wp-json\/wp\/v2\/posts\/2127\/revisions"}],"wp:attachment":[{"href":"https:\/\/elcafedepipa.com\/index.php\/wp-json\/wp\/v2\/media?parent=2127"}],"wp:term":[{"taxonomy":"category","embeddable":true,"href":"https:\/\/elcafedepipa.com\/index.php\/wp-json\/wp\/v2\/categories?post=2127"},{"taxonomy":"post_tag","embeddable":true,"href":"https:\/\/elcafedepipa.com\/index.php\/wp-json\/wp\/v2\/tags?post=2127"}],"curies":[{"name":"wp","href":"https:\/\/api.w.org\/{rel}","templated":true}]}}