{"id":21257,"date":"2026-01-27T18:15:12","date_gmt":"2026-01-27T17:15:12","guid":{"rendered":"https:\/\/elcafedepipa.com\/?p=21257"},"modified":"2026-01-27T18:15:13","modified_gmt":"2026-01-27T17:15:13","slug":"el-pp-de-la-vall-lamenta-la-degradacio-de-lestacio-dautobusos-abandonada-pel-govern-de-tania-banos","status":"publish","type":"post","link":"https:\/\/elcafedepipa.com\/index.php\/2026\/01\/27\/el-pp-de-la-vall-lamenta-la-degradacio-de-lestacio-dautobusos-abandonada-pel-govern-de-tania-banos\/","title":{"rendered":"El PP de la Vall lamenta la degradaci\u00f3 de l&#8217;estaci\u00f3 d&#8217;autobusos &#8220;abandonada pel govern de Tania Ba\u00f1os&#8221;"},"content":{"rendered":"\n<p>El Grup Municipal del Partit Popular a la Vall d&#8217;Uix\u00f3 ha fet una nova crida a l&#8217;alcaldessa de la localitat, la socialista Tania Ba\u00f1os, per a exigir la inversi\u00f3 en l&#8217;estaci\u00f3 d&#8217;autobusos que garantisca un estat \u00f2ptim de la infraestructura. \u201cA la Vall d&#8217;Uix\u00f3, els ve\u00efns paguen impostos de primera per\u00f2 reben servicis de tercera\u201d, ha lamentat el portaveu del PP en la localitat, Herminio Serra.<\/p>\n\n\n\n<p>&#8220;Un passeig per esta infraestructura acredita l&#8217;aband\u00f3 que s&#8217;acarnissa amb esta instal\u00b7laci\u00f3. Excrements de coloms per onsevulla, escombraries en les instal\u00b7lacions i mobiliari en mal estat que no es repara \u00e9s la imatge que es topen els qui utilitzen di\u00e0riament esta instal\u00b7laci\u00f3\u201d, exposa Herminio Serra.<\/p>\n\n\n\n<p>\u201cI no sols no mereixem este estat per part del govern de Ba\u00f1os, \u00e9s que la localitat en general no mereix exhibir esta carta de presentaci\u00f3 als qui accedixen al municipi a trav\u00e9s del servici d&#8217;autobusos\u201d.<\/p>\n\n\n\n<p>En este sentit, Serra urgix a l&#8217;alcaldessa a &#8220;escometre la bateria d&#8217;accions que el PP va plantejar l&#8217;any passat&#8221;. \u201cFa diversos mesos vam proposar inversi\u00f3, manteniment i control en l&#8217;espai per a millorar les seues condicions\u201d. Una proposta \u201cen positiu\u201d, tal com explica l&#8217;edil, \u201cper\u00f2 a la qual l&#8217;alcaldessa i els seus socis han tancat l&#8217;orella\u201d. \u201cPassats diversos mesos no han fet res\u201d.<\/p>\n\n\n\n<p>\u00c9s per aix\u00f2 que el PP no sols torna a reclamar \u201cla intervenci\u00f3 en la infraestructura que garantisca als ve\u00efns i visitants de la Vall l&#8217;El Grup Municipal del Partit Popular a la Vall d&#8217;Uix\u00f3 ha fet una nova crida a l&#8217;alcaldessa de la localitat, la socialista Tania Ba\u00f1os, per a exigir la inversi\u00f3 en l&#8217;estaci\u00f3 d&#8217;autobusos que garantisca un estat \u00f2ptim de la infraestructura. \u201cA la Vall d&#8217;Uix\u00f3, els ve\u00efns paguen impostos de primera per\u00f2 reben servicis de tercera\u201d, ha lamentat el portaveu del PP en la localitat, Herminio Serra.<\/p>\n\n\n\n<p>Un passeig per esta infraestructura \u201cacredita l&#8217;aband\u00f3 que s&#8217;acarnissa amb esta instal\u00b7laci\u00f3. Excrements de coloms per onsevulla, escombraries en les instal\u00b7lacions i mobiliari en mal estat que no es repara \u00e9s la imatge que es topen els qui utilitzen di\u00e0riament esta instal\u00b7laci\u00f3\u201d, exposa Herminio Serra.<\/p>\n\n\n\n<p>\u201cI no sols no mereixem este estat per part del govern de Ba\u00f1os, \u00e9s que la localitat en general no mereix exhibir esta carta de presentaci\u00f3 als qui accedixen al municipi a trav\u00e9s del servici d&#8217;autobusos\u201d.<\/p>\n\n\n\n<p>En este sentit, Serra urgix a l&#8217;alcaldessa a escometre la bateria d&#8217;accions que el PP va plantejar l&#8217;any passat. \u201cFa diversos mesos vam proposar inversi\u00f3, manteniment i control en l&#8217;espai per a millorar les seues condicions\u201d. Una proposta \u201cen positiu\u201d, tal com explica l&#8217;edil, \u201cper\u00f2 a la qual l&#8217;alcaldessa i els seus socis han tancat l&#8217;orella\u201d. \u201cPassats diversos mesos no han fet res\u201d.<\/p>\n\n\n\n<p>\u00c9s per aix\u00f2 que el PP no sols torna a reclamar \u201cla intervenci\u00f3 en la infraestructura que garantisca als ve\u00efns i visitants de la Vall l&#8217;estat \u00f2ptim de la instal\u00b7laci\u00f3\u201d. Tamb\u00e9 reclama \u201cesfor\u00e7 i comprom\u00eds\u201d per a reobrir la cafeteria que posse\u00efx la infraestructura i que roman tancat\u201d, aix\u00ed com la \u201cobertura dels banys p\u00fablics\u201d. \u201cS\u00f3n molt necessaris i haurien d&#8217;habilitar-se perqu\u00e8 els qui utilitzen este mitj\u00e0 de transport disposaren d&#8217;un recurs que porta quasi deu anys tancat\u201d.<\/p>\n\n\n\n<p>\u201cEl nostre comprom\u00eds \u00e9s amb la Vall. I per aix\u00f2, continuarem reclamant esfor\u00e7 i implicaci\u00f3 fins que es tradu\u00efsca en fets. Per a aix\u00f2 ens van triar els ve\u00efns\u201d, ha concl\u00f2s l&#8217;edil.estat \u00f2ptim de la instal\u00b7laci\u00f3\u201d. Tamb\u00e9 reclama \u201cesfor\u00e7 i comprom\u00eds\u201d per a reobrir la cafeteria que posse\u00efx la infraestructura i que roman tancat\u201d, aix\u00ed com la \u201cobertura dels banys p\u00fablics\u201d. \u201cS\u00f3n molt necessaris i haurien d&#8217;habilitar-se perqu\u00e8 els qui utilitzen este mitj\u00e0 de transport disposaren d&#8217;un recurs que porta quasi deu anys tancat\u201d.<\/p>\n\n\n\n<p>\u201cEl nostre comprom\u00eds \u00e9s amb la Vall. I per aix\u00f2, continuarem reclamant esfor\u00e7 i implicaci\u00f3 fins que es tradu\u00efsca en fets. Per a aix\u00f2 ens van triar els ve\u00efns\u201d, ha concl\u00f2s l&#8217;edil.<\/p>\n","protected":false},"excerpt":{"rendered":"<p>El Grup Municipal del Partit Popular a la Vall d&#8217;Uix\u00f3 ha fet una nova crida a l&#8217;alcaldessa de la localitat, la socialista Tania Ba\u00f1os, per a exigir la inversi\u00f3 en l&#8217;estaci\u00f3 d&#8217;autobusos que garantisca un estat \u00f2ptim de la infraestructura. \u201cA la Vall d&#8217;Uix\u00f3, els ve\u00efns paguen impostos de primera per\u00f2 reben servicis de tercera\u201d, &#8230; <a title=\"El PP de la Vall lamenta la degradaci\u00f3 de l&#8217;estaci\u00f3 d&#8217;autobusos &#8220;abandonada pel govern de Tania Ba\u00f1os&#8221;\" class=\"read-more\" href=\"https:\/\/elcafedepipa.com\/index.php\/2026\/01\/27\/el-pp-de-la-vall-lamenta-la-degradacio-de-lestacio-dautobusos-abandonada-pel-govern-de-tania-banos\/\" aria-label=\"M\u00e9s informaci\u00f3 sobre El PP de la Vall lamenta la degradaci\u00f3 de l&#8217;estaci\u00f3 d&#8217;autobusos &#8220;abandonada pel govern de Tania Ba\u00f1os&#8221;\">Read more<\/a><\/p>\n","protected":false},"author":2,"featured_media":21258,"comment_status":"closed","ping_status":"open","sticky":false,"template":"","format":"standard","meta":{"om_disable_all_campaigns":false,"_monsterinsights_skip_tracking":false,"_monsterinsights_sitenote_active":false,"_monsterinsights_sitenote_note":"","_monsterinsights_sitenote_category":0,"_uf_show_specific_survey":0,"_uf_disable_surveys":false,"footnotes":""},"categories":[2],"tags":[],"class_list":["post-21257","post","type-post","status-publish","format-standard","has-post-thumbnail","hentry","category-lavallduixo"],"_links":{"self":[{"href":"https:\/\/elcafedepipa.com\/index.php\/wp-json\/wp\/v2\/posts\/21257","targetHints":{"allow":["GET"]}}],"collection":[{"href":"https:\/\/elcafedepipa.com\/index.php\/wp-json\/wp\/v2\/posts"}],"about":[{"href":"https:\/\/elcafedepipa.com\/index.php\/wp-json\/wp\/v2\/types\/post"}],"author":[{"embeddable":true,"href":"https:\/\/elcafedepipa.com\/index.php\/wp-json\/wp\/v2\/users\/2"}],"replies":[{"embeddable":true,"href":"https:\/\/elcafedepipa.com\/index.php\/wp-json\/wp\/v2\/comments?post=21257"}],"version-history":[{"count":1,"href":"https:\/\/elcafedepipa.com\/index.php\/wp-json\/wp\/v2\/posts\/21257\/revisions"}],"predecessor-version":[{"id":21259,"href":"https:\/\/elcafedepipa.com\/index.php\/wp-json\/wp\/v2\/posts\/21257\/revisions\/21259"}],"wp:featuredmedia":[{"embeddable":true,"href":"https:\/\/elcafedepipa.com\/index.php\/wp-json\/wp\/v2\/media\/21258"}],"wp:attachment":[{"href":"https:\/\/elcafedepipa.com\/index.php\/wp-json\/wp\/v2\/media?parent=21257"}],"wp:term":[{"taxonomy":"category","embeddable":true,"href":"https:\/\/elcafedepipa.com\/index.php\/wp-json\/wp\/v2\/categories?post=21257"},{"taxonomy":"post_tag","embeddable":true,"href":"https:\/\/elcafedepipa.com\/index.php\/wp-json\/wp\/v2\/tags?post=21257"}],"curies":[{"name":"wp","href":"https:\/\/api.w.org\/{rel}","templated":true}]}}