{"id":21254,"date":"2026-01-27T14:55:29","date_gmt":"2026-01-27T13:55:29","guid":{"rendered":"https:\/\/elcafedepipa.com\/?p=21254"},"modified":"2026-01-27T14:55:30","modified_gmt":"2026-01-27T13:55:30","slug":"el-pp-dalmenara-urgix-la-proteccio-integral-de-la-costa-per-a-garantir-el-fre-de-la-regressio-i-blindar-les-vivendes-amenacades-per-lerosio","status":"publish","type":"post","link":"https:\/\/elcafedepipa.com\/index.php\/2026\/01\/27\/el-pp-dalmenara-urgix-la-proteccio-integral-de-la-costa-per-a-garantir-el-fre-de-la-regressio-i-blindar-les-vivendes-amenacades-per-lerosio\/","title":{"rendered":"El PP d&#8217;Almenara urgix la protecci\u00f3 integral de la costa per a garantir el fre de la regressi\u00f3 i blindar les vivendes amena\u00e7ades per l&#8217;erosi\u00f3"},"content":{"rendered":"\n<p>El Grup Municipal del PP a Almenara elevar\u00e0 al pr\u00f2xim ple de la corporaci\u00f3 la necessitat \u201curgent\u201d de protegir amb car\u00e0cter integral la costa de la localitat i garantir amb aix\u00f2 el fre a la regressi\u00f3 i la protecci\u00f3 de les vivendes amena\u00e7ades per l&#8217;erosi\u00f3.<\/p>\n\n\n\n<p>\u201cEl pas de la borrasca Harry ha tornat a evidenciar la debilitat de la defensa del nostre litoral. Ha provocat destrosses quantioses i ha demostrat la desprotecci\u00f3 d&#8217;una costa que continua esperant l&#8217;execuci\u00f3 de dos espigons que el Govern d&#8217;Espanya no materialitza\u201d.<\/p>\n\n\n\n<p>Aix\u00ed ho manifesten des del Grup Municipal del PP a Almenara els qui consideren \u201ccrucial\u201d aconseguir un consens de totes les forces pol\u00edtiques \u201cper a defendre des de la uni\u00f3 els drets dels ciutadans d&#8217;Almenara\u201d. \u201c\u00c9s al poble al qual hem de protegir d&#8217;uns danys que es provoquen perqu\u00e8 les inversions, senzillament, no arriben\u201d.<\/p>\n\n\n\n<p>Cal assenyalar que a Almenara hi ha dos espigons pendents d&#8217;executar. \u201cEs van construir dos esculleres. Per\u00f2 Harry ha demostrat, una vegada m\u00e9s, que s\u00f3n insuficients. \u00c9s urgent completar la intervenci\u00f3 en el litoral i protegir la costa. \u00c9s necessari executar dos espigons m\u00e9s i materialitzar amb car\u00e0cter integral el pla de defensa de les platges, des de Castell\u00f3 fins a Sagunt. Amb una visi\u00f3 completa, no singularitzada per municipis\u201d.<\/p>\n\n\n\n<p>En este sentit, el PP reclama al Govern d&#8217;Espanya en la seua iniciativa l&#8217;arribada \u201cde les inversions pendents\u201d. \u201cNo exigim m\u00e9s, exigim el just. Que passats els anys seguix sense arribar com tampoc s&#8217;aproven els Pressupostos Generals de l&#8217;Estat per part de l&#8217;Executiu\u201d.<\/p>\n\n\n\n<p>En paral\u00b7lel, reclamen el debat en el Congr\u00e9s de la modificaci\u00f3 de la llei de costes aprovada al Senat al mar\u00e7 de 2024. \u201cDes de fa m\u00e9s d&#8217;un any i mig la Cambra Alta va aprovar, amb la majoria del PP al Senat, la modificaci\u00f3 d&#8217;esta llei per a incorporar la protecci\u00f3 de les vivendes singulars. Des de llavors, esperem que es produ\u00efsca el debat d&#8217;esta iniciativa en el Congr\u00e9s i el PSOE la bloqueja. \u00c9s un segrest de la democr\u00e0cia que est\u00e0 impedint preservar vivendes singulars del litoral. No pararem de reclamar-ho fins a aconseguir-ho\u201d, han manifestat des del Grup Municipal del PP a Almenara.<\/p>\n","protected":false},"excerpt":{"rendered":"<p>El Grup Municipal del PP a Almenara elevar\u00e0 al pr\u00f2xim ple de la corporaci\u00f3 la necessitat \u201curgent\u201d de protegir amb car\u00e0cter integral la costa de la localitat i garantir amb aix\u00f2 el fre a la regressi\u00f3 i la protecci\u00f3 de les vivendes amena\u00e7ades per l&#8217;erosi\u00f3. \u201cEl pas de la borrasca Harry ha tornat a evidenciar &#8230; <a title=\"El PP d&#8217;Almenara urgix la protecci\u00f3 integral de la costa per a garantir el fre de la regressi\u00f3 i blindar les vivendes amena\u00e7ades per l&#8217;erosi\u00f3\" class=\"read-more\" href=\"https:\/\/elcafedepipa.com\/index.php\/2026\/01\/27\/el-pp-dalmenara-urgix-la-proteccio-integral-de-la-costa-per-a-garantir-el-fre-de-la-regressio-i-blindar-les-vivendes-amenacades-per-lerosio\/\" aria-label=\"M\u00e9s informaci\u00f3 sobre El PP d&#8217;Almenara urgix la protecci\u00f3 integral de la costa per a garantir el fre de la regressi\u00f3 i blindar les vivendes amena\u00e7ades per l&#8217;erosi\u00f3\">Read more<\/a><\/p>\n","protected":false},"author":2,"featured_media":21255,"comment_status":"closed","ping_status":"closed","sticky":false,"template":"","format":"standard","meta":{"om_disable_all_campaigns":false,"_monsterinsights_skip_tracking":false,"_monsterinsights_sitenote_active":false,"_monsterinsights_sitenote_note":"","_monsterinsights_sitenote_category":0,"_uf_show_specific_survey":0,"_uf_disable_surveys":false,"footnotes":""},"categories":[5],"tags":[],"class_list":["post-21254","post","type-post","status-publish","format-standard","has-post-thumbnail","hentry","category-almenara"],"_links":{"self":[{"href":"https:\/\/elcafedepipa.com\/index.php\/wp-json\/wp\/v2\/posts\/21254","targetHints":{"allow":["GET"]}}],"collection":[{"href":"https:\/\/elcafedepipa.com\/index.php\/wp-json\/wp\/v2\/posts"}],"about":[{"href":"https:\/\/elcafedepipa.com\/index.php\/wp-json\/wp\/v2\/types\/post"}],"author":[{"embeddable":true,"href":"https:\/\/elcafedepipa.com\/index.php\/wp-json\/wp\/v2\/users\/2"}],"replies":[{"embeddable":true,"href":"https:\/\/elcafedepipa.com\/index.php\/wp-json\/wp\/v2\/comments?post=21254"}],"version-history":[{"count":1,"href":"https:\/\/elcafedepipa.com\/index.php\/wp-json\/wp\/v2\/posts\/21254\/revisions"}],"predecessor-version":[{"id":21256,"href":"https:\/\/elcafedepipa.com\/index.php\/wp-json\/wp\/v2\/posts\/21254\/revisions\/21256"}],"wp:featuredmedia":[{"embeddable":true,"href":"https:\/\/elcafedepipa.com\/index.php\/wp-json\/wp\/v2\/media\/21255"}],"wp:attachment":[{"href":"https:\/\/elcafedepipa.com\/index.php\/wp-json\/wp\/v2\/media?parent=21254"}],"wp:term":[{"taxonomy":"category","embeddable":true,"href":"https:\/\/elcafedepipa.com\/index.php\/wp-json\/wp\/v2\/categories?post=21254"},{"taxonomy":"post_tag","embeddable":true,"href":"https:\/\/elcafedepipa.com\/index.php\/wp-json\/wp\/v2\/tags?post=21254"}],"curies":[{"name":"wp","href":"https:\/\/api.w.org\/{rel}","templated":true}]}}