{"id":21251,"date":"2026-01-27T14:53:34","date_gmt":"2026-01-27T13:53:34","guid":{"rendered":"https:\/\/elcafedepipa.com\/?p=21251"},"modified":"2026-01-27T14:53:35","modified_gmt":"2026-01-27T13:53:35","slug":"nules-consciencia-sobre-el-consum-dalcohol-i-drogues-en-la-conduccio","status":"publish","type":"post","link":"https:\/\/elcafedepipa.com\/index.php\/2026\/01\/27\/nules-consciencia-sobre-el-consum-dalcohol-i-drogues-en-la-conduccio\/","title":{"rendered":"Nules consci\u00e8ncia sobre el consum d&#8217;alcohol i drogues en la conducci\u00f3"},"content":{"rendered":"\n<p>L\u2019equip d\u2019Agents Tutors de la Policia Local imparteix una xerrada a l\u2019alumnat de l\u2019Escola Taller<\/p>\n\n\n\n<p>La Policia Local de Nules ha impartit una xerrada per a conscienciar sobre el consum d\u2019alcohol i drogues en la conducci\u00f3. En concret, ha estat l\u2019equip d\u2019Agents Tutors de la Policia Local l\u2019encarregat de desenvolupar aquesta confer\u00e8ncia dirigida, en aquesta ocasi\u00f3, a l\u2019alumnat de l\u2019Escola Taller.<\/p>\n\n\n\n<p>Aix\u00ed, en la mateixa s\u2019han tractat, entre d\u2019altres aspectes, quines s\u00f3n les taxes d\u2019alcohol legalment permeses; s\u2019han explicat conceptes relacionats amb els vehicles a motor; o amb la circulaci\u00f3 per la via p\u00fablica dels vehicles de mobilitat personal com ara els patinets.<\/p>\n\n\n\n<p>De fet, amb aquesta xerrada comen\u00e7a una s\u00e8rie de jornades formatives que s\u2019estendran als centres educatius del municipi al llarg d\u2019aquest any.<\/p>\n","protected":false},"excerpt":{"rendered":"<p>L\u2019equip d\u2019Agents Tutors de la Policia Local imparteix una xerrada a l\u2019alumnat de l\u2019Escola Taller La Policia Local de Nules ha impartit una xerrada per a conscienciar sobre el consum d\u2019alcohol i drogues en la conducci\u00f3. En concret, ha estat l\u2019equip d\u2019Agents Tutors de la Policia Local l\u2019encarregat de desenvolupar aquesta confer\u00e8ncia dirigida, en aquesta &#8230; <a title=\"Nules consci\u00e8ncia sobre el consum d&#8217;alcohol i drogues en la conducci\u00f3\" class=\"read-more\" href=\"https:\/\/elcafedepipa.com\/index.php\/2026\/01\/27\/nules-consciencia-sobre-el-consum-dalcohol-i-drogues-en-la-conduccio\/\" aria-label=\"M\u00e9s informaci\u00f3 sobre Nules consci\u00e8ncia sobre el consum d&#8217;alcohol i drogues en la conducci\u00f3\">Read more<\/a><\/p>\n","protected":false},"author":2,"featured_media":21252,"comment_status":"closed","ping_status":"closed","sticky":false,"template":"","format":"standard","meta":{"om_disable_all_campaigns":false,"_monsterinsights_skip_tracking":false,"_monsterinsights_sitenote_active":false,"_monsterinsights_sitenote_note":"","_monsterinsights_sitenote_category":0,"_uf_show_specific_survey":0,"_uf_disable_surveys":false,"footnotes":""},"categories":[3],"tags":[],"class_list":["post-21251","post","type-post","status-publish","format-standard","has-post-thumbnail","hentry","category-nules"],"_links":{"self":[{"href":"https:\/\/elcafedepipa.com\/index.php\/wp-json\/wp\/v2\/posts\/21251","targetHints":{"allow":["GET"]}}],"collection":[{"href":"https:\/\/elcafedepipa.com\/index.php\/wp-json\/wp\/v2\/posts"}],"about":[{"href":"https:\/\/elcafedepipa.com\/index.php\/wp-json\/wp\/v2\/types\/post"}],"author":[{"embeddable":true,"href":"https:\/\/elcafedepipa.com\/index.php\/wp-json\/wp\/v2\/users\/2"}],"replies":[{"embeddable":true,"href":"https:\/\/elcafedepipa.com\/index.php\/wp-json\/wp\/v2\/comments?post=21251"}],"version-history":[{"count":1,"href":"https:\/\/elcafedepipa.com\/index.php\/wp-json\/wp\/v2\/posts\/21251\/revisions"}],"predecessor-version":[{"id":21253,"href":"https:\/\/elcafedepipa.com\/index.php\/wp-json\/wp\/v2\/posts\/21251\/revisions\/21253"}],"wp:featuredmedia":[{"embeddable":true,"href":"https:\/\/elcafedepipa.com\/index.php\/wp-json\/wp\/v2\/media\/21252"}],"wp:attachment":[{"href":"https:\/\/elcafedepipa.com\/index.php\/wp-json\/wp\/v2\/media?parent=21251"}],"wp:term":[{"taxonomy":"category","embeddable":true,"href":"https:\/\/elcafedepipa.com\/index.php\/wp-json\/wp\/v2\/categories?post=21251"},{"taxonomy":"post_tag","embeddable":true,"href":"https:\/\/elcafedepipa.com\/index.php\/wp-json\/wp\/v2\/tags?post=21251"}],"curies":[{"name":"wp","href":"https:\/\/api.w.org\/{rel}","templated":true}]}}