{"id":21230,"date":"2026-01-27T13:50:44","date_gmt":"2026-01-27T12:50:44","guid":{"rendered":"https:\/\/elcafedepipa.com\/?p=21230"},"modified":"2026-01-27T13:50:45","modified_gmt":"2026-01-27T12:50:45","slug":"la-xv-almenara-xtrem-se-celebrara-el-diumenge-8-de-febrer","status":"publish","type":"post","link":"https:\/\/elcafedepipa.com\/index.php\/2026\/01\/27\/la-xv-almenara-xtrem-se-celebrara-el-diumenge-8-de-febrer\/","title":{"rendered":"La XV Almenara Xtrem se celebrar\u00e0 el diumenge 8 de febrer"},"content":{"rendered":"\n<figure class=\"wp-block-image size-large\"><img fetchpriority=\"high\" decoding=\"async\" width=\"1024\" height=\"683\" src=\"https:\/\/elcafedepipa.com\/wp-content\/uploads\/2026\/01\/XTREM-6-1024x683.jpg\" alt=\"\" class=\"wp-image-21232\" srcset=\"https:\/\/elcafedepipa.com\/wp-content\/uploads\/2026\/01\/XTREM-6-1024x683.jpg 1024w, https:\/\/elcafedepipa.com\/wp-content\/uploads\/2026\/01\/XTREM-6-300x200.jpg 300w, https:\/\/elcafedepipa.com\/wp-content\/uploads\/2026\/01\/XTREM-6-768x512.jpg 768w, https:\/\/elcafedepipa.com\/wp-content\/uploads\/2026\/01\/XTREM-6-1536x1024.jpg 1536w, https:\/\/elcafedepipa.com\/wp-content\/uploads\/2026\/01\/XTREM-6-2048x1365.jpg 2048w\" sizes=\"(max-width: 1024px) 100vw, 1024px\" \/><\/figure>\n\n\n\n<p><strong>Tamb\u00e9 arribar\u00e0 una nova edici\u00f3 de la Marxa al Castell<\/strong><\/p>\n\n\n\n<p>El diumenge 8 de febrer se celebrar\u00e0 la XV edici\u00f3 de l&#8217;Almenara Xtrem, una de les carreres de muntanya m\u00e9s prestigioses amb un recorregut aproximat de 16,8 quil\u00f2metres i un desnivell acumulat de m\u00e9s de 850 metres. Conjuntament a la prova es realitzar\u00e0 una nova edici\u00f3 de la Marxa al Castell, amb un tra\u00e7at de 8 quil\u00f2metres i un desnivell acumulat de 300 metres. La carrera, organitzada pel Club Almenara Xtrem compta amb el suport i col\u00b7laboraci\u00f3 de l&#8217;Ajuntament d&#8217;Almenara.<\/p>\n\n\n\n<p>Les inscripcions, tant per a la Xtrem com per a la Marxa al Castell es podran realitzar en&nbsp;<a href=\"http:\/\/mychip.es\/\">mychip.es<\/a>&nbsp;fins a les 23.55 hores del 4 febrer. El preu d&#8217;inscripci\u00f3 per a la carrera \u00e9s de 18 euros fins a les 23.55 de l&#8217;1 de febrer i des d&#8217;eixa hora fins a tancament d&#8217;inscripcions passar\u00e0 a ser de 21 euros. Pel que respecta a la marxa, el preu ser\u00e0 de 14 euros fins a les 23.55 de l&#8217;1 de febrer i de 17 fins al tancament. Les inscripcions tenen opci\u00f3 a un obsequi commemoratiu, aix\u00ed com avituallament i borsa del corredor.<\/p>\n\n\n\n<p>Pel que respecta a les categories en la Xtrem se subdivideixen en absoluta, s\u00e8nior (16 a 39 anys), veter\u00e0\/na a (de 40 a 49 anys), veter\u00e0\/na B (de 50 a 59 anys), veter\u00e0\/na C (a partir de 60 anys) i locals. Hi haur\u00e0 premis per als tres primers i les tres primeres de cada categoria. En el cas de la Marxa al Castell nom\u00e9s hi haur\u00e0 dues categories: l&#8217;absoluta masculina i l&#8217;absoluta femenina. En totes dues proves podran participar els i les majors de 16 anys, aportant el consentiment dels pares o tutors.<\/p>\n\n\n\n<p>L&#8217;eixida de la carrera Xtrem ser\u00e0 a les 9 del mat\u00ed des del Poliesportiu d&#8217;Almenara. Els i les participants afrontaran un tra\u00e7at aproximat de 16,8 quil\u00f2metres i 850 metres de desnivell, que passar\u00e0 per punts emblem\u00e0tics com el Castell, el Cid, la Muntanya Blanca o els Estanys. Quant a la Marxa al Castell, de 8 quil\u00f2metres i 300 metres de desnivell, l&#8217;eixida ser\u00e0 a les 9.30 hores del mateix lloc.<\/p>\n\n\n\n<p>A m\u00e9s, tamb\u00e9 durant la prova hi haur\u00e0 punts d&#8217;animaci\u00f3 i com de costum se celebrar\u00e0 una m\u00e0ster class de freestyler i botes de rebot.<\/p>\n","protected":false},"excerpt":{"rendered":"<p>Tamb\u00e9 arribar\u00e0 una nova edici\u00f3 de la Marxa al Castell El diumenge 8 de febrer se celebrar\u00e0 la XV edici\u00f3 de l&#8217;Almenara Xtrem, una de les carreres de muntanya m\u00e9s prestigioses amb un recorregut aproximat de 16,8 quil\u00f2metres i un desnivell acumulat de m\u00e9s de 850 metres. Conjuntament a la prova es realitzar\u00e0 una nova &#8230; <a title=\"La XV Almenara Xtrem se celebrar\u00e0 el diumenge 8 de febrer\" class=\"read-more\" href=\"https:\/\/elcafedepipa.com\/index.php\/2026\/01\/27\/la-xv-almenara-xtrem-se-celebrara-el-diumenge-8-de-febrer\/\" aria-label=\"M\u00e9s informaci\u00f3 sobre La XV Almenara Xtrem se celebrar\u00e0 el diumenge 8 de febrer\">Read more<\/a><\/p>\n","protected":false},"author":2,"featured_media":21231,"comment_status":"closed","ping_status":"closed","sticky":false,"template":"","format":"standard","meta":{"om_disable_all_campaigns":false,"_monsterinsights_skip_tracking":false,"_monsterinsights_sitenote_active":false,"_monsterinsights_sitenote_note":"","_monsterinsights_sitenote_category":0,"_uf_show_specific_survey":0,"_uf_disable_surveys":false,"footnotes":""},"categories":[5],"tags":[],"class_list":["post-21230","post","type-post","status-publish","format-standard","has-post-thumbnail","hentry","category-almenara"],"_links":{"self":[{"href":"https:\/\/elcafedepipa.com\/index.php\/wp-json\/wp\/v2\/posts\/21230","targetHints":{"allow":["GET"]}}],"collection":[{"href":"https:\/\/elcafedepipa.com\/index.php\/wp-json\/wp\/v2\/posts"}],"about":[{"href":"https:\/\/elcafedepipa.com\/index.php\/wp-json\/wp\/v2\/types\/post"}],"author":[{"embeddable":true,"href":"https:\/\/elcafedepipa.com\/index.php\/wp-json\/wp\/v2\/users\/2"}],"replies":[{"embeddable":true,"href":"https:\/\/elcafedepipa.com\/index.php\/wp-json\/wp\/v2\/comments?post=21230"}],"version-history":[{"count":1,"href":"https:\/\/elcafedepipa.com\/index.php\/wp-json\/wp\/v2\/posts\/21230\/revisions"}],"predecessor-version":[{"id":21233,"href":"https:\/\/elcafedepipa.com\/index.php\/wp-json\/wp\/v2\/posts\/21230\/revisions\/21233"}],"wp:featuredmedia":[{"embeddable":true,"href":"https:\/\/elcafedepipa.com\/index.php\/wp-json\/wp\/v2\/media\/21231"}],"wp:attachment":[{"href":"https:\/\/elcafedepipa.com\/index.php\/wp-json\/wp\/v2\/media?parent=21230"}],"wp:term":[{"taxonomy":"category","embeddable":true,"href":"https:\/\/elcafedepipa.com\/index.php\/wp-json\/wp\/v2\/categories?post=21230"},{"taxonomy":"post_tag","embeddable":true,"href":"https:\/\/elcafedepipa.com\/index.php\/wp-json\/wp\/v2\/tags?post=21230"}],"curies":[{"name":"wp","href":"https:\/\/api.w.org\/{rel}","templated":true}]}}