{"id":21223,"date":"2026-01-27T11:15:52","date_gmt":"2026-01-27T10:15:52","guid":{"rendered":"https:\/\/elcafedepipa.com\/?p=21223"},"modified":"2026-01-27T11:15:53","modified_gmt":"2026-01-27T10:15:53","slug":"jo-compre-a-la-vall-inicia-el-ano-con-la-ruta-del-comerc-para-dinamizar-el-comercio-local","status":"publish","type":"post","link":"https:\/\/elcafedepipa.com\/index.php\/2026\/01\/27\/jo-compre-a-la-vall-inicia-el-ano-con-la-ruta-del-comerc-para-dinamizar-el-comercio-local\/","title":{"rendered":"Jo compre a la Vall inicia el a\u00f1o con la Ruta del Comer\u00e7 para dinamizar el comercio local"},"content":{"rendered":"\n<p>La campa\u00f1a premia las compras en los comercios asociados con el sorteo de cuatro tarjetas monedero de 300 euros<\/p>\n\n\n\n<p>La asociaci\u00f3n comercial Jo compre a la Vall inicia el a\u00f1o con la Ruta del Comer\u00e7, una campa\u00f1a de dinamizaci\u00f3n comercial que tiene como objetivo fomentar las compras en el comercio local y premiar la fidelidad de la clientela.<\/p>\n\n\n\n<p>La iniciativa consiste en rellenar un cup\u00f3n con 10 sellos de 10 comercios diferentes asociados a Jo compre a la Vall. Por cada compra m\u00ednima de 10 euros, se sellar\u00e1 el cup\u00f3n y, una vez completo, las personas participantes entrar\u00e1n en el sorteo de cuatro tarjetas monedero de 300 euros, que deber\u00e1n gastarse en los comercios asociados. El periodo para realizar las compras y completar la ruta ser\u00e1 del 2 de febrero al 24 de marzo.<\/p>\n\n\n\n<p>La presidenta de Jo compre a la Vall, Eva Bot\u00edas, ha se\u00f1alado que esta es la segunda edici\u00f3n de la campa\u00f1a y ha destacado los buenos resultados de la anterior: \u201cEl a\u00f1o pasado funcion\u00f3 muy bien y este a\u00f1o pensamos que a\u00fan mejor\u201d. Tambi\u00e9n ha agradecido la colaboraci\u00f3n del Ayuntamiento de la Vall d\u2019Uix\u00f3 y de Caixa La Vall, y ha animado \u201ca todos los valleros y valleras y a las personas de los municipios de alrededor a participar y apoyar el comercio local\u201d.<\/p>\n\n\n\n<p>Por su parte, el concejal de Comercio, Fernando Dar\u00f2s, ha subrayado que \u201chay casi dos meses para realizar esta ruta por el comercio local\u201d, un sector que cuenta \u201ccon todo tipo de comercios y empresas asociadas a Jo compre a la Vall\u201d. Dar\u00f2s ha puesto en valor el incentivo de la campa\u00f1a, ya que \u201cpoder ganar 300 euros viene muy bien y m\u00e1s si, adem\u00e1s, revierten directamente en el comercio local\u201d.<\/p>\n\n\n\n<p>En este sentido, el edil ha se\u00f1alado que este tipo de acciones \u201cdan que hablar, dan vida al comercio local y sirven para dinamizar un sector que es vital para hacer crecer la econom\u00eda local\u201d, especialmente porque el premio vuelve a beneficiar a la econom\u00eda del municipio y apuesta por un modelo de consumo de proximidad m\u00e1s sostenible<\/p>\n","protected":false},"excerpt":{"rendered":"<p>La campa\u00f1a premia las compras en los comercios asociados con el sorteo de cuatro tarjetas monedero de 300 euros La asociaci\u00f3n comercial Jo compre a la Vall inicia el a\u00f1o con la Ruta del Comer\u00e7, una campa\u00f1a de dinamizaci\u00f3n comercial que tiene como objetivo fomentar las compras en el comercio local y premiar la fidelidad &#8230; <a title=\"Jo compre a la Vall inicia el a\u00f1o con la Ruta del Comer\u00e7 para dinamizar el comercio local\" class=\"read-more\" href=\"https:\/\/elcafedepipa.com\/index.php\/2026\/01\/27\/jo-compre-a-la-vall-inicia-el-ano-con-la-ruta-del-comerc-para-dinamizar-el-comercio-local\/\" aria-label=\"M\u00e9s informaci\u00f3 sobre Jo compre a la Vall inicia el a\u00f1o con la Ruta del Comer\u00e7 para dinamizar el comercio local\">Read more<\/a><\/p>\n","protected":false},"author":2,"featured_media":21224,"comment_status":"closed","ping_status":"closed","sticky":false,"template":"","format":"standard","meta":{"om_disable_all_campaigns":false,"_monsterinsights_skip_tracking":false,"_monsterinsights_sitenote_active":false,"_monsterinsights_sitenote_note":"","_monsterinsights_sitenote_category":0,"_uf_show_specific_survey":0,"_uf_disable_surveys":false,"footnotes":""},"categories":[2],"tags":[],"class_list":["post-21223","post","type-post","status-publish","format-standard","has-post-thumbnail","hentry","category-lavallduixo"],"_links":{"self":[{"href":"https:\/\/elcafedepipa.com\/index.php\/wp-json\/wp\/v2\/posts\/21223","targetHints":{"allow":["GET"]}}],"collection":[{"href":"https:\/\/elcafedepipa.com\/index.php\/wp-json\/wp\/v2\/posts"}],"about":[{"href":"https:\/\/elcafedepipa.com\/index.php\/wp-json\/wp\/v2\/types\/post"}],"author":[{"embeddable":true,"href":"https:\/\/elcafedepipa.com\/index.php\/wp-json\/wp\/v2\/users\/2"}],"replies":[{"embeddable":true,"href":"https:\/\/elcafedepipa.com\/index.php\/wp-json\/wp\/v2\/comments?post=21223"}],"version-history":[{"count":1,"href":"https:\/\/elcafedepipa.com\/index.php\/wp-json\/wp\/v2\/posts\/21223\/revisions"}],"predecessor-version":[{"id":21225,"href":"https:\/\/elcafedepipa.com\/index.php\/wp-json\/wp\/v2\/posts\/21223\/revisions\/21225"}],"wp:featuredmedia":[{"embeddable":true,"href":"https:\/\/elcafedepipa.com\/index.php\/wp-json\/wp\/v2\/media\/21224"}],"wp:attachment":[{"href":"https:\/\/elcafedepipa.com\/index.php\/wp-json\/wp\/v2\/media?parent=21223"}],"wp:term":[{"taxonomy":"category","embeddable":true,"href":"https:\/\/elcafedepipa.com\/index.php\/wp-json\/wp\/v2\/categories?post=21223"},{"taxonomy":"post_tag","embeddable":true,"href":"https:\/\/elcafedepipa.com\/index.php\/wp-json\/wp\/v2\/tags?post=21223"}],"curies":[{"name":"wp","href":"https:\/\/api.w.org\/{rel}","templated":true}]}}