{"id":21196,"date":"2026-01-26T14:25:16","date_gmt":"2026-01-26T13:25:16","guid":{"rendered":"https:\/\/elcafedepipa.com\/?p=21196"},"modified":"2026-01-26T14:25:17","modified_gmt":"2026-01-26T13:25:17","slug":"el-pp-de-nules-reclama-a-sanchez-la-declaracio-de-la-costa-com-a-zona-greument-afectada-i-li-exigix-desbloquejar-en-el-congres-la-reforma-de-la-llei","status":"publish","type":"post","link":"https:\/\/elcafedepipa.com\/index.php\/2026\/01\/26\/el-pp-de-nules-reclama-a-sanchez-la-declaracio-de-la-costa-com-a-zona-greument-afectada-i-li-exigix-desbloquejar-en-el-congres-la-reforma-de-la-llei\/","title":{"rendered":"El PP de Nules reclama a S\u00e1nchez la declaraci\u00f3 de la costa com a zona greument afectada i li exigix desbloquejar en el Congr\u00e9s la reforma de la llei"},"content":{"rendered":"\n<p>26 de gener de 2026.- El PP de Nules ha registrat per al seu debat este divendres en ple una iniciativa que perseguix reclamar al Govern de Pedro S\u00e1nchez la declaraci\u00f3 de la costa com a zona greument afectada despr\u00e9s del pas de la borrasca Harry. La iniciativa, que es presenta en forma de moci\u00f3, \u201cpret\u00e9n concitar el consens de tots els grups\u201d i reclamar, tal com assenyala el regidor del PP, Miguel \u00c1ngel Mart\u00ednez Mont\u00e9s, l&#8217;exig\u00e8ncia al PSOE del debat en el Congr\u00e9s de la modificaci\u00f3 de la llei de costes que el president del Govern bloqueja des de 2024.<\/p>\n\n\n\n<p>\u201cEl temporal ha causat greus danys sobre les nostres platges. \u00c9s urgent una l\u00ednia d&#8217;ajudes econ\u00f2miques dirigides a restablir al nostre litoral a les seues condicions \u00f2ptimes i a realitzar les obres necess\u00e0ries per a protegir i regenerar les platges del nostre municipi\u201d.<\/p>\n\n\n\n<p>I en estos objectius, assenyala Mart\u00ednez Mont\u00e9s, \u201chem d&#8217;anar a m\u00e9s i exigir al PSOE que deixe de segrestar el debat sobre la necess\u00e0ria reforma de la llei de costes que des de mar\u00e7 de 2024 reclama el PP despr\u00e9s de l&#8217;acord al Senat d&#8217;una iniciativa que protegisca Les Casetes\u201d.<\/p>\n\n\n\n<p>Per al regidor del PP, \u201c\u00e9s evident que el castic que est\u00e0 exercint l&#8217;Executiu de Pedro S\u00e1nchez sobre la nostra prov\u00edncia \u00e9s doble\u201d. D&#8217;una banda, \u201cens nega les ajudes econ\u00f2miques suficients per a frenar la regressi\u00f3 i protegir les nostres platges\u201d. D&#8217;altra banda, \u201cens impedix aprovar una modificaci\u00f3 legislativa que permetria blindar les vivendes singulars que formen part del nostre patrimoni. Les Casetes s\u00f3n molt m\u00e9s que unes vivendes, \u00e9s hist\u00f2ria de Nules i volem que siga part del nostre futur\u201d.<\/p>\n\n\n\n<p>Finalment, el regidor ha fet una crida al consens. \u201cCreiem que les platges de Nules s\u00f3n un b\u00e9 com\u00fa. Un valor que hem de defendre per damunt d&#8217;ideologies perqu\u00e8 es tracta del que m\u00e9s volem, el nostre municipi. Per aix\u00f2 confiem en un acord un\u00e0nime en defensa de Nules\u201d, ha concl\u00f2s el regidor del Partit Popular.<\/p>\n","protected":false},"excerpt":{"rendered":"<p>26 de gener de 2026.- El PP de Nules ha registrat per al seu debat este divendres en ple una iniciativa que perseguix reclamar al Govern de Pedro S\u00e1nchez la declaraci\u00f3 de la costa com a zona greument afectada despr\u00e9s del pas de la borrasca Harry. La iniciativa, que es presenta en forma de moci\u00f3, &#8230; <a title=\"El PP de Nules reclama a S\u00e1nchez la declaraci\u00f3 de la costa com a zona greument afectada i li exigix desbloquejar en el Congr\u00e9s la reforma de la llei\" class=\"read-more\" href=\"https:\/\/elcafedepipa.com\/index.php\/2026\/01\/26\/el-pp-de-nules-reclama-a-sanchez-la-declaracio-de-la-costa-com-a-zona-greument-afectada-i-li-exigix-desbloquejar-en-el-congres-la-reforma-de-la-llei\/\" aria-label=\"M\u00e9s informaci\u00f3 sobre El PP de Nules reclama a S\u00e1nchez la declaraci\u00f3 de la costa com a zona greument afectada i li exigix desbloquejar en el Congr\u00e9s la reforma de la llei\">Read more<\/a><\/p>\n","protected":false},"author":2,"featured_media":21197,"comment_status":"closed","ping_status":"closed","sticky":false,"template":"","format":"standard","meta":{"om_disable_all_campaigns":false,"_monsterinsights_skip_tracking":false,"_monsterinsights_sitenote_active":false,"_monsterinsights_sitenote_note":"","_monsterinsights_sitenote_category":0,"_uf_show_specific_survey":0,"_uf_disable_surveys":false,"footnotes":""},"categories":[3],"tags":[],"class_list":["post-21196","post","type-post","status-publish","format-standard","has-post-thumbnail","hentry","category-nules"],"_links":{"self":[{"href":"https:\/\/elcafedepipa.com\/index.php\/wp-json\/wp\/v2\/posts\/21196","targetHints":{"allow":["GET"]}}],"collection":[{"href":"https:\/\/elcafedepipa.com\/index.php\/wp-json\/wp\/v2\/posts"}],"about":[{"href":"https:\/\/elcafedepipa.com\/index.php\/wp-json\/wp\/v2\/types\/post"}],"author":[{"embeddable":true,"href":"https:\/\/elcafedepipa.com\/index.php\/wp-json\/wp\/v2\/users\/2"}],"replies":[{"embeddable":true,"href":"https:\/\/elcafedepipa.com\/index.php\/wp-json\/wp\/v2\/comments?post=21196"}],"version-history":[{"count":2,"href":"https:\/\/elcafedepipa.com\/index.php\/wp-json\/wp\/v2\/posts\/21196\/revisions"}],"predecessor-version":[{"id":21199,"href":"https:\/\/elcafedepipa.com\/index.php\/wp-json\/wp\/v2\/posts\/21196\/revisions\/21199"}],"wp:featuredmedia":[{"embeddable":true,"href":"https:\/\/elcafedepipa.com\/index.php\/wp-json\/wp\/v2\/media\/21197"}],"wp:attachment":[{"href":"https:\/\/elcafedepipa.com\/index.php\/wp-json\/wp\/v2\/media?parent=21196"}],"wp:term":[{"taxonomy":"category","embeddable":true,"href":"https:\/\/elcafedepipa.com\/index.php\/wp-json\/wp\/v2\/categories?post=21196"},{"taxonomy":"post_tag","embeddable":true,"href":"https:\/\/elcafedepipa.com\/index.php\/wp-json\/wp\/v2\/tags?post=21196"}],"curies":[{"name":"wp","href":"https:\/\/api.w.org\/{rel}","templated":true}]}}