{"id":21195,"date":"2026-01-26T14:32:14","date_gmt":"2026-01-26T13:32:14","guid":{"rendered":"https:\/\/elcafedepipa.com\/?p=21195"},"modified":"2026-01-26T14:32:14","modified_gmt":"2026-01-26T13:32:14","slug":"la-ude-sentrella-contra-la-seva-falta-de-punteria","status":"publish","type":"post","link":"https:\/\/elcafedepipa.com\/index.php\/2026\/01\/26\/la-ude-sentrella-contra-la-seva-falta-de-punteria\/","title":{"rendered":"La UDE s&#8217;entrella contra la seva falta de punteria"},"content":{"rendered":"\n<p><strong>No va poder ser!<\/strong> A la Uni\u00f3 Esportiva Vall de Ux\u00f3 li va tocar ahir de vesprada, al Camp de l\u2019Arco de Soneja, una altra vegada la creu i eixir de buit en un duel on va fer m\u00e8rits sobre la gespa per a molt m\u00e9s premi que la derrota. Per\u00f2\u2026 el futbol s\u00f3n gols i el Soneja en va marcar un i la UDE no va ser capa\u00e7 de materialitzar les m\u00faltiples arribades en una molt bona segona part on nom\u00e9s va faltar la cirereta del gol.<\/p>\n\n\n\n<p>Poc vistosa per\u00f2 intensa primera part, on els dos equips van pugnar ferotgement per fer-se amb el control de l\u2019esf\u00e8ric. Si haguera sigut un combat de boxa els primers 45 minuts, els locals \u2014molt expeditius i din\u00e0mics\u2014 s\u2019haurien imposat als punts. El Soneja va tindre diverses aproximacions perilloses que, unes vegades per dem\u00e8rits propis i altres per m\u00e8rits dels defensors i del porter visitant, no van arribar a fructificar.<\/p>\n\n\n\n<p>La UDE, s\u00f2lida en defensa, va buscar tamb\u00e9 la porteria contr\u00e0ria amb un xut d\u2019Aym\u00e1n i sobretot amb una falta a la vora de l\u2019\u00e0rea que va llan\u00e7ar Ximo Forner a escassos cent\u00edmetres del travesser. Es va reclamar amb molta vehem\u00e8ncia un possible penal sobre Amine que el col\u00b7legiat no va assenyalar. En resum, una primera part amb m\u00e9s pugna i lluita que vistositat.<\/p>\n\n\n\n<p>Despr\u00e9s del pas pels vestidors, els de Descalzo van eixir amb una marxa m\u00e9s i molt m\u00e9s verticals que en la primera part, generant sensaci\u00f3 real de perill des de l\u2019inici. Per moments la UDE va embotellar el Soneja, que se les va veure i se les va desitjar per neutralitzar l\u2019envestida dels blanquiazuls.<\/p>\n\n\n\n<p>A pilota parada, la UDE va tindre m\u00faltiples accions perilloses entre c\u00f3rners, faltes laterals, frontals o serveis de banda. Al fil de l\u2019hora de joc, Ximo Forner va obligar a lluir-se el porter local amb un net llan\u00e7ament directe des de la frontal de l\u2019\u00e0rea. Quan millor plantada estava la UDE i m\u00e9s mossegava en atac\u2026 va arribar el gol del Soneja: una bona i r\u00e0pida triangulaci\u00f3 que va acabar amb un potent xut que es va colar al fons de la xarxa.<\/p>\n\n\n\n<p>Nom\u00e9s tres minuts despr\u00e9s, l\u2019equip de l\u2019Alt Pal\u00e0ncia es quedava amb un jugador menys. Amb m\u00e9s de 15 minuts per davant quedava tot un m\u00f3n i en l\u2019aire la sensaci\u00f3 que se li anava a donar la volta al partit. La UDE, amb tot dalt, es va bolcar en cos i \u00e0nima, decantant el camp cap a la porteria local. Megina va estar a punt d\u2019empatar amb un gol ol\u00edmpic i a Fern\u00e1n li la van traure de la mateixa l\u00ednia de gol amb el porter batut. Amb el temps complit, Gonza va tindre un fenomenal xut que el porter va desviar a c\u00f3rner. I eixe servei de cantonada no el va arribar a connectar Borja Vicent perqu\u00e8 D\u00e9u no va voler. Quasi sobre la botzina, a A\u00f1\u00f3 li van xiular un fora de joc m\u00e9s que dubt\u00f3s quan anava a encarar el porter.<\/p>\n\n\n\n<p>Per m\u00e9s que es va intentar no hi va haver manera humana d\u2019empatar, i el Soneja, que va saber traure la m\u00e0xima rendibilitat al partit, es va quedar amb els tres punts en joc del derbi provincial. Toca treballar dur esta setmana perqu\u00e8 diumenge la UDE tindr\u00e0 un partit important a l\u2019Estadi davant el Crevillent Deportivo per a intentar trencar la ratxa de resultats negatius.<\/p>\n\n\n\n<p><\/p>\n","protected":false},"excerpt":{"rendered":"<p>No va poder ser! A la Uni\u00f3 Esportiva Vall de Ux\u00f3 li va tocar ahir de vesprada, al Camp de l\u2019Arco de Soneja, una altra vegada la creu i eixir de buit en un duel on va fer m\u00e8rits sobre la gespa per a molt m\u00e9s premi que la derrota. Per\u00f2\u2026 el futbol s\u00f3n gols &#8230; <a title=\"La UDE s&#8217;entrella contra la seva falta de punteria\" class=\"read-more\" href=\"https:\/\/elcafedepipa.com\/index.php\/2026\/01\/26\/la-ude-sentrella-contra-la-seva-falta-de-punteria\/\" aria-label=\"M\u00e9s informaci\u00f3 sobre La UDE s&#8217;entrella contra la seva falta de punteria\">Read more<\/a><\/p>\n","protected":false},"author":2,"featured_media":21206,"comment_status":"closed","ping_status":"closed","sticky":false,"template":"","format":"standard","meta":{"om_disable_all_campaigns":false,"_monsterinsights_skip_tracking":false,"_monsterinsights_sitenote_active":false,"_monsterinsights_sitenote_note":"","_monsterinsights_sitenote_category":0,"_uf_show_specific_survey":0,"_uf_disable_surveys":false,"footnotes":""},"categories":[2],"tags":[],"class_list":["post-21195","post","type-post","status-publish","format-standard","has-post-thumbnail","hentry","category-lavallduixo"],"_links":{"self":[{"href":"https:\/\/elcafedepipa.com\/index.php\/wp-json\/wp\/v2\/posts\/21195","targetHints":{"allow":["GET"]}}],"collection":[{"href":"https:\/\/elcafedepipa.com\/index.php\/wp-json\/wp\/v2\/posts"}],"about":[{"href":"https:\/\/elcafedepipa.com\/index.php\/wp-json\/wp\/v2\/types\/post"}],"author":[{"embeddable":true,"href":"https:\/\/elcafedepipa.com\/index.php\/wp-json\/wp\/v2\/users\/2"}],"replies":[{"embeddable":true,"href":"https:\/\/elcafedepipa.com\/index.php\/wp-json\/wp\/v2\/comments?post=21195"}],"version-history":[{"count":1,"href":"https:\/\/elcafedepipa.com\/index.php\/wp-json\/wp\/v2\/posts\/21195\/revisions"}],"predecessor-version":[{"id":21207,"href":"https:\/\/elcafedepipa.com\/index.php\/wp-json\/wp\/v2\/posts\/21195\/revisions\/21207"}],"wp:featuredmedia":[{"embeddable":true,"href":"https:\/\/elcafedepipa.com\/index.php\/wp-json\/wp\/v2\/media\/21206"}],"wp:attachment":[{"href":"https:\/\/elcafedepipa.com\/index.php\/wp-json\/wp\/v2\/media?parent=21195"}],"wp:term":[{"taxonomy":"category","embeddable":true,"href":"https:\/\/elcafedepipa.com\/index.php\/wp-json\/wp\/v2\/categories?post=21195"},{"taxonomy":"post_tag","embeddable":true,"href":"https:\/\/elcafedepipa.com\/index.php\/wp-json\/wp\/v2\/tags?post=21195"}],"curies":[{"name":"wp","href":"https:\/\/api.w.org\/{rel}","templated":true}]}}