{"id":21190,"date":"2026-01-26T13:17:52","date_gmt":"2026-01-26T12:17:52","guid":{"rendered":"https:\/\/elcafedepipa.com\/?p=21190"},"modified":"2026-01-26T13:17:53","modified_gmt":"2026-01-26T12:17:53","slug":"almenara-celebrara-el-seu-carnaval-el-dissabte-14-de-febrer-amb-cercavila-concurs-de-disfresses-i-discomobil","status":"publish","type":"post","link":"https:\/\/elcafedepipa.com\/index.php\/2026\/01\/26\/almenara-celebrara-el-seu-carnaval-el-dissabte-14-de-febrer-amb-cercavila-concurs-de-disfresses-i-discomobil\/","title":{"rendered":"Almenara celebrar\u00e0 el seu Carnaval el dissabte 14 de febrer amb cercavila, concurs de disfresses i discom\u00f2bil"},"content":{"rendered":"\n<p><strong>L&#8217;esdeveniment combinar\u00e0 activitats familiars a la vesprada i la millor m\u00fasica a la nit en la zona esportiva<\/strong><\/p>\n\n\n\n<p><\/p>\n\n\n\n<p>El tradicional i acolorit Carnestoltes d&#8217;Almenara se celebrar\u00e0 dissabte que ve 14 de febrer amb una completa programaci\u00f3 d&#8217;activitats que es desenvoluparan durant la vesprada i la nit, oferint propostes pensades per a tots els p\u00fablics i diferents ambients.<\/p>\n\n\n\n<p>La jornada comen\u00e7ar\u00e0 a les 17.30 hores en el Casal Jove amb l&#8217;obertura de les inscripcions gratu\u00eftes per a participar en el concurs de disfresses. Enguany s&#8217;han establit dues modalitats: grups de fins a tres persones i grups de quatre o m\u00e9s integrants. En cada categoria s&#8217;entregaran tres premis. El jurat estar\u00e0 format per representants de la Quinta 2026 i la Quinta dels 27 anys.<\/p>\n\n\n\n<p><strong>Cercavila amb l&#8217;espectacle itinerant \u201cDescabezadas\u201d<\/strong><\/p>\n\n\n\n<p>A partir de les 18.30 hores arrancar\u00e0 des del Casal Jove la tradicional cercavila de disfresses, que comptar\u00e0 amb l&#8217;espectacle itinerant \u201cDescabezadas\u201d, de Projecte Caravana. El recorregut seguir\u00e0 l&#8217;itinerari habitual pel nucli urb\u00e0 fins a arribar al Poliesportiu Municipal. La xaranga Telesios ser\u00e0 l&#8217;encarregada de tancar la comitiva festiva.<\/p>\n\n\n\n<p>Una vegada en el recinte poliesportiu es procedir\u00e0 al lliurament de premis del concurs de disfresses, despr\u00e9s de la qual cosa tindr\u00e0 lloc un concert dirigit al p\u00fablic familiar, corresponent a la segona part de l&#8217;espectacle \u201cDescabezadas\u201d.<\/p>\n\n\n\n<p><strong>Discom\u00f2bil per a tancar la nit de Carnaval<\/strong><\/p>\n\n\n\n<p>Ja a la nit, la zona esportiva acollir\u00e0 la Discom\u00f2bil del Carnaval, que estar\u00e0 animada per Dj Royo i Dj Pablo Dom\u00e9nech, els qui posaran ritme a la vetlada amb una espectacular i variada selecci\u00f3 musical.<\/p>\n\n\n\n<p>Aquesta activitat est\u00e0 organitzada per la Regidoria de Festes de l&#8217;Ajuntament d&#8217;Almenara en col\u00b7laboraci\u00f3 amb la Quinta 2026, amb la finalitat de continuar impulsant la participaci\u00f3 i la festa en una de les celebracions m\u00e9s esperades de l&#8217;any.<\/p>\n\n\n\n<figure class=\"wp-block-image size-large\"><img fetchpriority=\"high\" decoding=\"async\" width=\"819\" height=\"1024\" src=\"https:\/\/elcafedepipa.com\/wp-content\/uploads\/2026\/01\/carnaval-xarxes-819x1024.png\" alt=\"\" class=\"wp-image-21191\" srcset=\"https:\/\/elcafedepipa.com\/wp-content\/uploads\/2026\/01\/carnaval-xarxes-819x1024.png 819w, https:\/\/elcafedepipa.com\/wp-content\/uploads\/2026\/01\/carnaval-xarxes-240x300.png 240w, https:\/\/elcafedepipa.com\/wp-content\/uploads\/2026\/01\/carnaval-xarxes-768x960.png 768w, https:\/\/elcafedepipa.com\/wp-content\/uploads\/2026\/01\/carnaval-xarxes.png 1080w\" sizes=\"(max-width: 819px) 100vw, 819px\" \/><\/figure>\n","protected":false},"excerpt":{"rendered":"<p>L&#8217;esdeveniment combinar\u00e0 activitats familiars a la vesprada i la millor m\u00fasica a la nit en la zona esportiva El tradicional i acolorit Carnestoltes d&#8217;Almenara se celebrar\u00e0 dissabte que ve 14 de febrer amb una completa programaci\u00f3 d&#8217;activitats que es desenvoluparan durant la vesprada i la nit, oferint propostes pensades per a tots els p\u00fablics i &#8230; <a title=\"Almenara celebrar\u00e0 el seu Carnaval el dissabte 14 de febrer amb cercavila, concurs de disfresses i discom\u00f2bil\" class=\"read-more\" href=\"https:\/\/elcafedepipa.com\/index.php\/2026\/01\/26\/almenara-celebrara-el-seu-carnaval-el-dissabte-14-de-febrer-amb-cercavila-concurs-de-disfresses-i-discomobil\/\" aria-label=\"M\u00e9s informaci\u00f3 sobre Almenara celebrar\u00e0 el seu Carnaval el dissabte 14 de febrer amb cercavila, concurs de disfresses i discom\u00f2bil\">Read more<\/a><\/p>\n","protected":false},"author":2,"featured_media":21192,"comment_status":"closed","ping_status":"closed","sticky":false,"template":"","format":"standard","meta":{"om_disable_all_campaigns":false,"_monsterinsights_skip_tracking":false,"_monsterinsights_sitenote_active":false,"_monsterinsights_sitenote_note":"","_monsterinsights_sitenote_category":0,"_uf_show_specific_survey":0,"_uf_disable_surveys":false,"footnotes":""},"categories":[5],"tags":[],"class_list":["post-21190","post","type-post","status-publish","format-standard","has-post-thumbnail","hentry","category-almenara"],"_links":{"self":[{"href":"https:\/\/elcafedepipa.com\/index.php\/wp-json\/wp\/v2\/posts\/21190","targetHints":{"allow":["GET"]}}],"collection":[{"href":"https:\/\/elcafedepipa.com\/index.php\/wp-json\/wp\/v2\/posts"}],"about":[{"href":"https:\/\/elcafedepipa.com\/index.php\/wp-json\/wp\/v2\/types\/post"}],"author":[{"embeddable":true,"href":"https:\/\/elcafedepipa.com\/index.php\/wp-json\/wp\/v2\/users\/2"}],"replies":[{"embeddable":true,"href":"https:\/\/elcafedepipa.com\/index.php\/wp-json\/wp\/v2\/comments?post=21190"}],"version-history":[{"count":2,"href":"https:\/\/elcafedepipa.com\/index.php\/wp-json\/wp\/v2\/posts\/21190\/revisions"}],"predecessor-version":[{"id":21194,"href":"https:\/\/elcafedepipa.com\/index.php\/wp-json\/wp\/v2\/posts\/21190\/revisions\/21194"}],"wp:featuredmedia":[{"embeddable":true,"href":"https:\/\/elcafedepipa.com\/index.php\/wp-json\/wp\/v2\/media\/21192"}],"wp:attachment":[{"href":"https:\/\/elcafedepipa.com\/index.php\/wp-json\/wp\/v2\/media?parent=21190"}],"wp:term":[{"taxonomy":"category","embeddable":true,"href":"https:\/\/elcafedepipa.com\/index.php\/wp-json\/wp\/v2\/categories?post=21190"},{"taxonomy":"post_tag","embeddable":true,"href":"https:\/\/elcafedepipa.com\/index.php\/wp-json\/wp\/v2\/tags?post=21190"}],"curies":[{"name":"wp","href":"https:\/\/api.w.org\/{rel}","templated":true}]}}