{"id":21187,"date":"2026-01-26T12:28:01","date_gmt":"2026-01-26T11:28:01","guid":{"rendered":"https:\/\/elcafedepipa.com\/?p=21187"},"modified":"2026-01-26T12:28:01","modified_gmt":"2026-01-26T11:28:01","slug":"emsevall-busca-personal-per-a-reforcar-latencio-turistica-a-les-coves-de-sant-josep","status":"publish","type":"post","link":"https:\/\/elcafedepipa.com\/index.php\/2026\/01\/26\/emsevall-busca-personal-per-a-reforcar-latencio-turistica-a-les-coves-de-sant-josep\/","title":{"rendered":"Emsevall busca personal per a refor\u00e7ar l\u2019atenci\u00f3 tur\u00edstica a les Coves de Sant Josep"},"content":{"rendered":"\n<p>L\u2019empresa p\u00fablica obri el termini d\u2019inscripci\u00f3 fins al 9 de febrer per a cobrir quatre places de guia-barquer\/a i una de personal d\u2019oficina de turisme<\/p>\n\n\n\n<p>L\u2019empresa p\u00fablica Emsevall ha convocat una nova oferta d\u2019ocupaci\u00f3 p\u00fablica, mitjan\u00e7ant el sistema de concurs oposici\u00f3 i amb torn d\u2019acc\u00e9s lliure, per a la cobertura de cinc places de personal laboral fix-discontinu a temps complet. En concret, es tracta de quatre places de guia-barquer\/a i una pla\u00e7a de personal d\u2019oficina de turisme.<\/p>\n\n\n\n<p>El termini per a inscriure\u2019s en el proc\u00e9s selectiu estar\u00e0 obert fins al 9 de febrer, i la inscripci\u00f3 \u00e9s totalment gratu\u00efta, sense cap taxa. Les bases completes i tota la documentaci\u00f3 necess\u00e0ria es poden consultar al web www.emsevall.es\/ofertas-de-trabajo\/.<\/p>\n\n\n\n<p>La retribuci\u00f3 bruta anual dels llocs convocats \u00e9s de 28.903 euros, amb una jornada de 35 hores setmanals. El conseller delegat d\u2019Emsevall, Javier Ferreres, ha explicat que \u201ccal tindre en compte que es tracta d\u2019ocupaci\u00f3 vinculada a un recurs tur\u00edstic, amb horaris especials i treball en caps de setmana i festius\u201d. Aix\u00ed mateix, ha destacat que \u201cs\u00f3n llocs de treball amb atenci\u00f3 directa al p\u00fablic, on l\u2019exig\u00e8ncia de qualitat en el servei \u00e9s molt alta, perqu\u00e8 els i les professionals s\u00f3n la imatge de les Coves de Sant Josep i de la Vall d\u2019Uix\u00f3\u201d.<\/p>\n\n\n\n<p>En el cas de les places de guia-barquer\/a, la fase de concurs tindr\u00e0 un m\u00e0xim de 35 punts, on es valoraran els m\u00e8rits d\u2019experi\u00e8ncia laboral i els idiomes, mentre que la fase d\u2019oposici\u00f3 tindr\u00e0 un m\u00e0xim de 65 punts, amb una prova escrita i una prova pr\u00e0ctica. Per a participar en el proc\u00e9s \u00e9s requisit disposar del curs homologat de barquer amb p\u00e8rtiga.<\/p>\n\n\n\n<p>Pel que fa a la pla\u00e7a de personal d\u2019oficina de turisme, la fase de concurs puntuar\u00e0 fins a 40 punts, valorant experi\u00e8ncia laboral, idiomes i formaci\u00f3, i la fase d\u2019oposici\u00f3 tindr\u00e0 un m\u00e0xim de 60 punts, amb proves escrita i pr\u00e0ctica. En aquest cas, es requereix titulaci\u00f3 relacionada amb el sector tur\u00edstic.<\/p>\n\n\n\n<p>En ambd\u00f3s processos selectius es crear\u00e0 una borsa d\u2019ocupaci\u00f3 amb les persones aspirants que superen les proves per\u00f2 no obtinguen pla\u00e7a. Ferreres ha assenyalat que la pla\u00e7a de personal d\u2019oficina de turisme \u201ces fa ja pensant en les necessitats derivades de l\u2019obertura en estiu del parc aqu\u00e0tic\u201d. A m\u00e9s enguany tamb\u00e9 ser\u00e0 necessari refor\u00e7ar el personal de guia-barquer\/a \u201cper l\u2019ampliaci\u00f3 de l\u2019horari de visites a les Coves de Sant Josep durant els mesos d\u2019estiu\u201d<\/p>\n","protected":false},"excerpt":{"rendered":"<p>L\u2019empresa p\u00fablica obri el termini d\u2019inscripci\u00f3 fins al 9 de febrer per a cobrir quatre places de guia-barquer\/a i una de personal d\u2019oficina de turisme L\u2019empresa p\u00fablica Emsevall ha convocat una nova oferta d\u2019ocupaci\u00f3 p\u00fablica, mitjan\u00e7ant el sistema de concurs oposici\u00f3 i amb torn d\u2019acc\u00e9s lliure, per a la cobertura de cinc places de personal &#8230; <a title=\"Emsevall busca personal per a refor\u00e7ar l\u2019atenci\u00f3 tur\u00edstica a les Coves de Sant Josep\" class=\"read-more\" href=\"https:\/\/elcafedepipa.com\/index.php\/2026\/01\/26\/emsevall-busca-personal-per-a-reforcar-latencio-turistica-a-les-coves-de-sant-josep\/\" aria-label=\"M\u00e9s informaci\u00f3 sobre Emsevall busca personal per a refor\u00e7ar l\u2019atenci\u00f3 tur\u00edstica a les Coves de Sant Josep\">Read more<\/a><\/p>\n","protected":false},"author":2,"featured_media":21188,"comment_status":"closed","ping_status":"closed","sticky":false,"template":"","format":"standard","meta":{"om_disable_all_campaigns":false,"_monsterinsights_skip_tracking":false,"_monsterinsights_sitenote_active":false,"_monsterinsights_sitenote_note":"","_monsterinsights_sitenote_category":0,"_uf_show_specific_survey":0,"_uf_disable_surveys":false,"footnotes":""},"categories":[2],"tags":[],"class_list":["post-21187","post","type-post","status-publish","format-standard","has-post-thumbnail","hentry","category-lavallduixo"],"_links":{"self":[{"href":"https:\/\/elcafedepipa.com\/index.php\/wp-json\/wp\/v2\/posts\/21187","targetHints":{"allow":["GET"]}}],"collection":[{"href":"https:\/\/elcafedepipa.com\/index.php\/wp-json\/wp\/v2\/posts"}],"about":[{"href":"https:\/\/elcafedepipa.com\/index.php\/wp-json\/wp\/v2\/types\/post"}],"author":[{"embeddable":true,"href":"https:\/\/elcafedepipa.com\/index.php\/wp-json\/wp\/v2\/users\/2"}],"replies":[{"embeddable":true,"href":"https:\/\/elcafedepipa.com\/index.php\/wp-json\/wp\/v2\/comments?post=21187"}],"version-history":[{"count":1,"href":"https:\/\/elcafedepipa.com\/index.php\/wp-json\/wp\/v2\/posts\/21187\/revisions"}],"predecessor-version":[{"id":21189,"href":"https:\/\/elcafedepipa.com\/index.php\/wp-json\/wp\/v2\/posts\/21187\/revisions\/21189"}],"wp:featuredmedia":[{"embeddable":true,"href":"https:\/\/elcafedepipa.com\/index.php\/wp-json\/wp\/v2\/media\/21188"}],"wp:attachment":[{"href":"https:\/\/elcafedepipa.com\/index.php\/wp-json\/wp\/v2\/media?parent=21187"}],"wp:term":[{"taxonomy":"category","embeddable":true,"href":"https:\/\/elcafedepipa.com\/index.php\/wp-json\/wp\/v2\/categories?post=21187"},{"taxonomy":"post_tag","embeddable":true,"href":"https:\/\/elcafedepipa.com\/index.php\/wp-json\/wp\/v2\/tags?post=21187"}],"curies":[{"name":"wp","href":"https:\/\/api.w.org\/{rel}","templated":true}]}}