{"id":21184,"date":"2026-01-26T12:14:00","date_gmt":"2026-01-26T11:14:00","guid":{"rendered":"https:\/\/elcafedepipa.com\/?p=21184"},"modified":"2026-01-26T12:14:01","modified_gmt":"2026-01-26T11:14:01","slug":"el-pp-dalmenara-demana-al-psoe-que-treballe-en-2026-per-a-garantir-un-taller-docupacio-lany-vinent","status":"publish","type":"post","link":"https:\/\/elcafedepipa.com\/index.php\/2026\/01\/26\/el-pp-dalmenara-demana-al-psoe-que-treballe-en-2026-per-a-garantir-un-taller-docupacio-lany-vinent\/","title":{"rendered":"El PP d&#8217;Almenara demana al PSOE que &#8220;treballe en 2026 per a garantir un taller d&#8217;ocupaci\u00f3 l&#8217;any vinent&#8221;"},"content":{"rendered":"\n<p>Almenara inicia 2026 amb el desig que \u201cenguany l&#8217;equip de govern del PSOE es pose a treballar perqu\u00e8 en 2027 puguem optar a un taller d&#8217;ocupaci\u00f3 que oferisca formaci\u00f3 i ocupaci\u00f3 als nostres ve\u00efns.&#8221;<\/p>\n\n\n\n<p>\u00c9s l&#8217;objectiu del Grup Municipal del PP en la localitat, que des de fa anys reclama a l&#8217;alcaldessa \u201cque es pose a treballar\u201d. \u201cNo podem continuar retardant per m\u00e9s temps el compliment dels requisits exigits per a poder optar a esta mena de plans. \u00c9s necessari i urgent comprometre&#8217;s amb ells i no tornar a deixar fora de la convocat\u00f2ria a Almenara\u201d.<\/p>\n\n\n\n<p>Des del PP d&#8217;Almenara declaren que \u201ccada any que la nostra localitat no es presenta a este programa desenes de ve\u00efns perden l&#8217;oportunitat de formar-se en una ocupaci\u00f3 i optar, amb majors capacitats, a la busca activa d&#8217;una ocupaci\u00f3\u201d. \u201cSi hi ha desenes de municipis que s\u00ed que gaudixen d&#8217;estos tallers, Almenara no ha de quedar-se arrere per m\u00e9s que l&#8217;equip de govern es negue a treballar per a aconseguir-lo\u201d.<\/p>\n\n\n\n<p>Aix\u00ed les coses, \u201cel PP, com vam fer ja en anys anteriors, continuarem reclamant a l&#8217;alcaldessa que es pose a la feina per a homologar espais i obtindre les certificacions ISO requerides per a ser beneficiaris d&#8217;un taller d&#8217;ocupaci\u00f3. T\u00e9 tot un any per davant, volem que en 2027 els ve\u00efns d&#8217;Almenara tinguen les<\/p>\n\n\n\n<p>mateixes oportunitats que altres localitats ve\u00efnes on els seus alcaldes s\u00ed que es comprometen amb els aturats i treballen per a oferir-los vies de formaci\u00f3 que els faciliten la busca activa d&#8217;una ocupaci\u00f3\u201d, han concl\u00f2s des del PP de la localitat.<\/p>\n","protected":false},"excerpt":{"rendered":"<p>Almenara inicia 2026 amb el desig que \u201cenguany l&#8217;equip de govern del PSOE es pose a treballar perqu\u00e8 en 2027 puguem optar a un taller d&#8217;ocupaci\u00f3 que oferisca formaci\u00f3 i ocupaci\u00f3 als nostres ve\u00efns.&#8221; \u00c9s l&#8217;objectiu del Grup Municipal del PP en la localitat, que des de fa anys reclama a l&#8217;alcaldessa \u201cque es pose &#8230; <a title=\"El PP d&#8217;Almenara demana al PSOE que &#8220;treballe en 2026 per a garantir un taller d&#8217;ocupaci\u00f3 l&#8217;any vinent&#8221;\" class=\"read-more\" href=\"https:\/\/elcafedepipa.com\/index.php\/2026\/01\/26\/el-pp-dalmenara-demana-al-psoe-que-treballe-en-2026-per-a-garantir-un-taller-docupacio-lany-vinent\/\" aria-label=\"M\u00e9s informaci\u00f3 sobre El PP d&#8217;Almenara demana al PSOE que &#8220;treballe en 2026 per a garantir un taller d&#8217;ocupaci\u00f3 l&#8217;any vinent&#8221;\">Read more<\/a><\/p>\n","protected":false},"author":2,"featured_media":21185,"comment_status":"closed","ping_status":"closed","sticky":false,"template":"","format":"standard","meta":{"om_disable_all_campaigns":false,"_monsterinsights_skip_tracking":false,"_monsterinsights_sitenote_active":false,"_monsterinsights_sitenote_note":"","_monsterinsights_sitenote_category":0,"_uf_show_specific_survey":0,"_uf_disable_surveys":false,"footnotes":""},"categories":[5],"tags":[],"class_list":["post-21184","post","type-post","status-publish","format-standard","has-post-thumbnail","hentry","category-almenara"],"_links":{"self":[{"href":"https:\/\/elcafedepipa.com\/index.php\/wp-json\/wp\/v2\/posts\/21184","targetHints":{"allow":["GET"]}}],"collection":[{"href":"https:\/\/elcafedepipa.com\/index.php\/wp-json\/wp\/v2\/posts"}],"about":[{"href":"https:\/\/elcafedepipa.com\/index.php\/wp-json\/wp\/v2\/types\/post"}],"author":[{"embeddable":true,"href":"https:\/\/elcafedepipa.com\/index.php\/wp-json\/wp\/v2\/users\/2"}],"replies":[{"embeddable":true,"href":"https:\/\/elcafedepipa.com\/index.php\/wp-json\/wp\/v2\/comments?post=21184"}],"version-history":[{"count":1,"href":"https:\/\/elcafedepipa.com\/index.php\/wp-json\/wp\/v2\/posts\/21184\/revisions"}],"predecessor-version":[{"id":21186,"href":"https:\/\/elcafedepipa.com\/index.php\/wp-json\/wp\/v2\/posts\/21184\/revisions\/21186"}],"wp:featuredmedia":[{"embeddable":true,"href":"https:\/\/elcafedepipa.com\/index.php\/wp-json\/wp\/v2\/media\/21185"}],"wp:attachment":[{"href":"https:\/\/elcafedepipa.com\/index.php\/wp-json\/wp\/v2\/media?parent=21184"}],"wp:term":[{"taxonomy":"category","embeddable":true,"href":"https:\/\/elcafedepipa.com\/index.php\/wp-json\/wp\/v2\/categories?post=21184"},{"taxonomy":"post_tag","embeddable":true,"href":"https:\/\/elcafedepipa.com\/index.php\/wp-json\/wp\/v2\/tags?post=21184"}],"curies":[{"name":"wp","href":"https:\/\/api.w.org\/{rel}","templated":true}]}}