{"id":21180,"date":"2026-01-26T11:31:43","date_gmt":"2026-01-26T10:31:43","guid":{"rendered":"https:\/\/elcafedepipa.com\/?p=21180"},"modified":"2026-01-26T11:31:43","modified_gmt":"2026-01-26T10:31:43","slug":"la-unio-reclama-a-conselleria-dagricultura-que-mantinga-latencio-presencial-per-a-la-declaracio-del-cens-ramader-rega-davant-el-risc-dexclusio-i-possibles-sancions","status":"publish","type":"post","link":"https:\/\/elcafedepipa.com\/index.php\/2026\/01\/26\/la-unio-reclama-a-conselleria-dagricultura-que-mantinga-latencio-presencial-per-a-la-declaracio-del-cens-ramader-rega-davant-el-risc-dexclusio-i-possibles-sancions\/","title":{"rendered":"LA UNI\u00d3 reclama a Conselleria d\u2019Agricultura que mantinga l&#8217;atenci\u00f3 presencial per a la declaraci\u00f3 del cens ramader (REGA) davant el risc d&#8217;exclusi\u00f3 i possibles sancions"},"content":{"rendered":"\n<p>La Uni\u00f3 Llauradora i Ramadera exigeix a la Conselleria d&#8217;Agricultura que mantinga la possibilitat de realitzar de manera presencial la Declaraci\u00f3 Censal Anual del REGA en les Oficines Comarcals Agr\u00e0ries (OCA) de la Comunitat Valenciana i que no impose de facto la via telem\u00e0tica com a \u00fanic canal v\u00e0lid per a aquest tr\u00e0mit obligatori.<\/p>\n\n\n\n<p>A partir de l&#8217;1 de gener de 2026, la Conselleria est\u00e0 exigint que la comunicaci\u00f3 del cens ramader es realitze exclusivament a trav\u00e9s de l&#8217;Oficina Veterin\u00e0ria Virtual (OVV) durant el per\u00edode habilitat, remetent l&#8217;atenci\u00f3 presencial \u00fanicament als casos fora de termini. Tot aix\u00f2 sense que existisca, hui dia, cap instrucci\u00f3, resoluci\u00f3 ni comunicaci\u00f3 oficial dirigida al sector que regule aquest canvi de procediment.<\/p>\n\n\n\n<p>Cal assenyalar que una part molt significativa dels titulars d&#8217;explotacions d&#8217;apicultura, bov\u00ed, ov\u00ed-capr\u00ed, porc\u00ed, av\u00edcola, equ\u00ed i cun\u00edcola correspon a persones d&#8217;edat avan\u00e7ada, xicotetes explotacions familiars i ramaders situats en zones rurals amb problemes estructurals de connectivitat, que tradicionalment han realitzat sempre aquest tr\u00e0mit de manera presencial en les OCA.<\/p>\n\n\n\n<p>LA UNI\u00d3 adverteix que l&#8217;eliminaci\u00f3 pr\u00e0ctica de l&#8217;atenci\u00f3 presencial incrementa de manera notable la c\u00e0rrega burocr\u00e0tica, genera inseguretat jur\u00eddica i posa en risc el compliment en termini d&#8217;un requisit que \u00e9s obligatori i que es valora per a l&#8217;acc\u00e9s a ajudes p\u00fabliques, amb el conseg\u00fcent perill de penalitzacions o exclusions involunt\u00e0ries.<\/p>\n\n\n\n<p>Des del punt de vista jur\u00eddic, l&#8217;organitzaci\u00f3 considera que aquesta mesura pot suposar una vulneraci\u00f3 de drets b\u00e0sics reconeguts en la Llei 39\/2015, com el dret a l&#8217;assist\u00e8ncia en l&#8217;\u00fas de mitjans electr\u00f2nics, aix\u00ed com de principis essencials de l&#8217;actuaci\u00f3 administrativa com la proporcionalitat, l&#8217;accessibilitat i la no discriminaci\u00f3, especialment per ra\u00f3 d&#8217;edat o del context territorial. La digitalitzaci\u00f3, recorda LA UNI\u00d3, no pot convertir-se en un factor d&#8217;exclusi\u00f3 del sector agrari professional.<\/p>\n\n\n\n<p>Encara que la Conselleria empara aquesta exig\u00e8ncia en el Decret 54\/2025, de simplificaci\u00f3 administrativa i transformaci\u00f3 digital, LA UNI\u00d3 subratlla que l&#8217;aplicaci\u00f3 autom\u00e0tica i r\u00edgida de la relaci\u00f3 exclusivament electr\u00f2nica amb els ramaders no t\u00e9 en compte la realitat social del sector ni les seues limitacions objectives, i contradiu els propis objectius de lluita contra la despoblaci\u00f3 rural i el manteniment de l&#8217;activitat ramadera.<\/p>\n\n\n\n<p>\u201cNo es pot exigir als ramaders professionals que complisquen un tr\u00e0mit obligatori \u00fanicament per via digital sense garantir una atenci\u00f3 presencial efectiva. La modernitzaci\u00f3 administrativa no pot fer-se a costa de deixar fora als qui sostenen el territori i la producci\u00f3 ramadera\u201d, assenyala el secretari general de LA UNI\u00d3, Carles Peris.<\/p>\n\n\n\n<p>Per tot aix\u00f2, l&#8217;organitzaci\u00f3 reclama al conseller Miguel Barrachina que frene aquesta decisi\u00f3 i aposte per un sistema mixt, que combine la via telem\u00e0tica amb l&#8217;atenci\u00f3 presencial en les OCA, almenys per als col\u00b7lectius amb majors dificultats. Entre les alternatives plantejades, LA UNI\u00d3 proposa cites assistides, suport t\u00e8cnic des de les oficines comarcals o la possibilitat de delegar el tr\u00e0mit sense costos afegits, garantint aix\u00ed que cap ramader quede excl\u00f2s per la bretxa digital.<\/p>\n\n\n\n<p>LA UNI\u00d3 insisteix que el sector agr\u00edcola i ramader necessita simplificaci\u00f3 real i acompanyament administratiu, no noves barreres burocr\u00e0tiques que contribu\u00efsquen a l&#8217;aband\u00f3 d&#8217;explotacions i a l&#8217;envelliment del camp valenci\u00e0. Aquesta \u00e9s una de les reivindicacions que formen part de la&nbsp;tractorada-manifestaci\u00f3&nbsp;que transcorrer\u00e0 pels carrers de Val\u00e8ncia aquest dijous 29 de gener.<\/p>\n","protected":false},"excerpt":{"rendered":"<p>La Uni\u00f3 Llauradora i Ramadera exigeix a la Conselleria d&#8217;Agricultura que mantinga la possibilitat de realitzar de manera presencial la Declaraci\u00f3 Censal Anual del REGA en les Oficines Comarcals Agr\u00e0ries (OCA) de la Comunitat Valenciana i que no impose de facto la via telem\u00e0tica com a \u00fanic canal v\u00e0lid per a aquest tr\u00e0mit obligatori. A &#8230; <a title=\"LA UNI\u00d3 reclama a Conselleria d\u2019Agricultura que mantinga l&#8217;atenci\u00f3 presencial per a la declaraci\u00f3 del cens ramader (REGA) davant el risc d&#8217;exclusi\u00f3 i possibles sancions\" class=\"read-more\" href=\"https:\/\/elcafedepipa.com\/index.php\/2026\/01\/26\/la-unio-reclama-a-conselleria-dagricultura-que-mantinga-latencio-presencial-per-a-la-declaracio-del-cens-ramader-rega-davant-el-risc-dexclusio-i-possibles-sancions\/\" aria-label=\"M\u00e9s informaci\u00f3 sobre LA UNI\u00d3 reclama a Conselleria d\u2019Agricultura que mantinga l&#8217;atenci\u00f3 presencial per a la declaraci\u00f3 del cens ramader (REGA) davant el risc d&#8217;exclusi\u00f3 i possibles sancions\">Read more<\/a><\/p>\n","protected":false},"author":2,"featured_media":21181,"comment_status":"closed","ping_status":"closed","sticky":false,"template":"","format":"standard","meta":{"om_disable_all_campaigns":false,"_monsterinsights_skip_tracking":false,"_monsterinsights_sitenote_active":false,"_monsterinsights_sitenote_note":"","_monsterinsights_sitenote_category":0,"_uf_show_specific_survey":0,"_uf_disable_surveys":false,"footnotes":""},"categories":[11],"tags":[],"class_list":["post-21180","post","type-post","status-publish","format-standard","has-post-thumbnail","hentry","category-comunitatvalenciana"],"_links":{"self":[{"href":"https:\/\/elcafedepipa.com\/index.php\/wp-json\/wp\/v2\/posts\/21180","targetHints":{"allow":["GET"]}}],"collection":[{"href":"https:\/\/elcafedepipa.com\/index.php\/wp-json\/wp\/v2\/posts"}],"about":[{"href":"https:\/\/elcafedepipa.com\/index.php\/wp-json\/wp\/v2\/types\/post"}],"author":[{"embeddable":true,"href":"https:\/\/elcafedepipa.com\/index.php\/wp-json\/wp\/v2\/users\/2"}],"replies":[{"embeddable":true,"href":"https:\/\/elcafedepipa.com\/index.php\/wp-json\/wp\/v2\/comments?post=21180"}],"version-history":[{"count":2,"href":"https:\/\/elcafedepipa.com\/index.php\/wp-json\/wp\/v2\/posts\/21180\/revisions"}],"predecessor-version":[{"id":21183,"href":"https:\/\/elcafedepipa.com\/index.php\/wp-json\/wp\/v2\/posts\/21180\/revisions\/21183"}],"wp:featuredmedia":[{"embeddable":true,"href":"https:\/\/elcafedepipa.com\/index.php\/wp-json\/wp\/v2\/media\/21181"}],"wp:attachment":[{"href":"https:\/\/elcafedepipa.com\/index.php\/wp-json\/wp\/v2\/media?parent=21180"}],"wp:term":[{"taxonomy":"category","embeddable":true,"href":"https:\/\/elcafedepipa.com\/index.php\/wp-json\/wp\/v2\/categories?post=21180"},{"taxonomy":"post_tag","embeddable":true,"href":"https:\/\/elcafedepipa.com\/index.php\/wp-json\/wp\/v2\/tags?post=21180"}],"curies":[{"name":"wp","href":"https:\/\/api.w.org\/{rel}","templated":true}]}}