{"id":21177,"date":"2026-01-26T10:49:47","date_gmt":"2026-01-26T09:49:47","guid":{"rendered":"https:\/\/elcafedepipa.com\/?p=21177"},"modified":"2026-01-26T10:49:48","modified_gmt":"2026-01-26T09:49:48","slug":"el-pp-de-la-provincia-de-castello-exigix-al-govern-de-sanchez-solucions-urgents-per-a-protegir-la-costa-i-frenar-la-regressio-de-les-platges","status":"publish","type":"post","link":"https:\/\/elcafedepipa.com\/index.php\/2026\/01\/26\/el-pp-de-la-provincia-de-castello-exigix-al-govern-de-sanchez-solucions-urgents-per-a-protegir-la-costa-i-frenar-la-regressio-de-les-platges\/","title":{"rendered":"El PP de la prov\u00edncia de Castell\u00f3 exigix al Govern de S\u00e1nchez solucions urgents per a protegir la costa i frenar la regressi\u00f3 de les platges"},"content":{"rendered":"\n<p>El Partit Popular de la prov\u00edncia de Castell\u00f3 exigix al Govern de Pedro S\u00e1nchez solucions urgents per a frenar la regressi\u00f3 de les platges i protegir la costa.<\/p>\n\n\n\n<p>A trav\u00e9s d&#8217;iniciatives presentades en la Diputaci\u00f3 de Castell\u00f3 i als ajuntaments de tots els municipis de la costa castellonenca, des d&#8217;Almenara fins a Vinar\u00f2s, el PP reclama la declaraci\u00f3 de zona greument afectada i l&#8217;activaci\u00f3 d&#8217;una l\u00ednia espec\u00edfica d&#8217;ajudes per a les localitats afectades per l&#8217;\u00faltim temporal, tal com va sol\u00b7licitar de manera immediata la presidenta provincial, Marta Barrachina.<\/p>\n\n\n\n<p>El secretari general del PPCS, Salvador Aguilella, ha assenyalat que la situaci\u00f3 \u00e9s &#8220;insostenible&#8221;. &#8220;Parlem de seguretat de les persones, de vivendes, de passejos mar\u00edtims i de l&#8217;economia dels nostres municipis. El Govern de S\u00e1nchez porta m\u00e9s de deu anys amb obres projectades i pressupostades que<\/p>\n\n\n\n<p>no executa, mentres la prov\u00edncia i les persones que vivim en ella estem abandonats\u201d, ha lamentat.<\/p>\n\n\n\n<p>En este sentit, Aguilella ha recordat que localitats com Moncofa, Oropesa, Borriana, Pen\u00edscola, Benic\u00e0ssim o Almassora han patit greus danys. A m\u00e9s, existixen 19 trams del litoral especialment vulnerables. \u201cLa ideologia del PSOE i Comprom\u00eds ha deixat a la nostra prov\u00edncia desprotegida. Hui paguem eixa inacci\u00f3\u201d, ha afirmat.<\/p>\n\n\n\n<p>Per aix\u00f2, des del Partit Popular reclamen, a m\u00e9s, que el Govern d&#8217;Espanya accepte l&#8217;oferta del Consell per a actuar de manera immediata en defensa del litoral o, en defecte d&#8217;aix\u00f2, que execute &#8220;d&#8217;una vegada&#8221; les obres pendents en punts cr\u00edtics com Almassora, Moncofa, Borriana, Xilxes, Almenara, Vinar\u00f2s, Benicarl\u00f3, Torreblanca, Oropesa i Benic\u00e0ssim.<\/p>\n\n\n\n<p>De la mateixa manera, el PPCS exigix desbloquejar la reforma de la Llei de Costas per a protegir els poblats mar\u00edtims tradicionals com Torre de la Sal, Nules, Moncofa, Xilxes o Almenara. \u201cNo es pot continuar castigant nuclis amb un enorme valor hist\u00f2ric, cultural i emocional per culpa del PSOE i Comprom\u00eds en la Mesa del Congr\u00e9s, on mantenen parades les propostes votades per majoria al Senat i el Congr\u00e9s\u201d, ha subratllat Aguilella.<\/p>\n\n\n\n<p>\u201cEl Partit Popular est\u00e0 del costat dels ve\u00efns i dels ajuntaments. Demanem inversions, protecci\u00f3 i solucions reals. Enfront de la deixadesa del PSOE i Comprom\u00eds, el PP def\u00e9n la seguretat, el patrimoni i el futur de la costa de Castell\u00f3\u201d, ha concl\u00f2s el secretari general del PPCS.<\/p>\n\n\n\n<p><\/p>\n","protected":false},"excerpt":{"rendered":"<p>El Partit Popular de la prov\u00edncia de Castell\u00f3 exigix al Govern de Pedro S\u00e1nchez solucions urgents per a frenar la regressi\u00f3 de les platges i protegir la costa. A trav\u00e9s d&#8217;iniciatives presentades en la Diputaci\u00f3 de Castell\u00f3 i als ajuntaments de tots els municipis de la costa castellonenca, des d&#8217;Almenara fins a Vinar\u00f2s, el PP &#8230; <a title=\"El PP de la prov\u00edncia de Castell\u00f3 exigix al Govern de S\u00e1nchez solucions urgents per a protegir la costa i frenar la regressi\u00f3 de les platges\" class=\"read-more\" href=\"https:\/\/elcafedepipa.com\/index.php\/2026\/01\/26\/el-pp-de-la-provincia-de-castello-exigix-al-govern-de-sanchez-solucions-urgents-per-a-protegir-la-costa-i-frenar-la-regressio-de-les-platges\/\" aria-label=\"M\u00e9s informaci\u00f3 sobre El PP de la prov\u00edncia de Castell\u00f3 exigix al Govern de S\u00e1nchez solucions urgents per a protegir la costa i frenar la regressi\u00f3 de les platges\">Read more<\/a><\/p>\n","protected":false},"author":2,"featured_media":21178,"comment_status":"closed","ping_status":"closed","sticky":false,"template":"","format":"standard","meta":{"om_disable_all_campaigns":false,"_monsterinsights_skip_tracking":false,"_monsterinsights_sitenote_active":false,"_monsterinsights_sitenote_note":"","_monsterinsights_sitenote_category":0,"_uf_show_specific_survey":0,"_uf_disable_surveys":false,"footnotes":""},"categories":[10],"tags":[],"class_list":["post-21177","post","type-post","status-publish","format-standard","has-post-thumbnail","hentry","category-provinciadecastello"],"_links":{"self":[{"href":"https:\/\/elcafedepipa.com\/index.php\/wp-json\/wp\/v2\/posts\/21177","targetHints":{"allow":["GET"]}}],"collection":[{"href":"https:\/\/elcafedepipa.com\/index.php\/wp-json\/wp\/v2\/posts"}],"about":[{"href":"https:\/\/elcafedepipa.com\/index.php\/wp-json\/wp\/v2\/types\/post"}],"author":[{"embeddable":true,"href":"https:\/\/elcafedepipa.com\/index.php\/wp-json\/wp\/v2\/users\/2"}],"replies":[{"embeddable":true,"href":"https:\/\/elcafedepipa.com\/index.php\/wp-json\/wp\/v2\/comments?post=21177"}],"version-history":[{"count":1,"href":"https:\/\/elcafedepipa.com\/index.php\/wp-json\/wp\/v2\/posts\/21177\/revisions"}],"predecessor-version":[{"id":21179,"href":"https:\/\/elcafedepipa.com\/index.php\/wp-json\/wp\/v2\/posts\/21177\/revisions\/21179"}],"wp:featuredmedia":[{"embeddable":true,"href":"https:\/\/elcafedepipa.com\/index.php\/wp-json\/wp\/v2\/media\/21178"}],"wp:attachment":[{"href":"https:\/\/elcafedepipa.com\/index.php\/wp-json\/wp\/v2\/media?parent=21177"}],"wp:term":[{"taxonomy":"category","embeddable":true,"href":"https:\/\/elcafedepipa.com\/index.php\/wp-json\/wp\/v2\/categories?post=21177"},{"taxonomy":"post_tag","embeddable":true,"href":"https:\/\/elcafedepipa.com\/index.php\/wp-json\/wp\/v2\/tags?post=21177"}],"curies":[{"name":"wp","href":"https:\/\/api.w.org\/{rel}","templated":true}]}}