{"id":21171,"date":"2026-01-24T14:49:32","date_gmt":"2026-01-24T13:49:32","guid":{"rendered":"https:\/\/elcafedepipa.com\/?p=21171"},"modified":"2026-01-24T14:49:33","modified_gmt":"2026-01-24T13:49:33","slug":"la-vall-duixo-impulsa-la-seua-film-office-per-atraure-rodatges-i-promocionar-el-municipi","status":"publish","type":"post","link":"https:\/\/elcafedepipa.com\/index.php\/2026\/01\/24\/la-vall-duixo-impulsa-la-seua-film-office-per-atraure-rodatges-i-promocionar-el-municipi\/","title":{"rendered":"La Vall d\u2019Uix\u00f3 impulsa la seua Film Office per atraure rodatges i promocionar el municipi"},"content":{"rendered":"\n<p><strong>La nova oficina es presenta en FITUR Screen com una eina clau per al turisme audiovisual i la projecci\u00f3 exterior de la ciutat<\/strong><\/p>\n\n\n\n<p>L\u2019Ajuntament de la Vall d\u2019Uix\u00f3 ha presentat en FITUR Screen la seua Film Office, una nova eina estrat\u00e8gica destinada a atraure i facilitar rodatges audiovisuals al municipi i a refor\u00e7ar la promoci\u00f3 tur\u00edstica a trav\u00e9s del turisme de pantalla, un segment en clar creixement.<\/p>\n\n\n\n<p>La Film Office de la Vall d\u2019Uix\u00f3 naix amb l\u2019objectiu d\u2019oferir suport integral a productores de cinema, s\u00e8ries, televisi\u00f3 i publicitat, facilitant la tramitaci\u00f3 de permisos, la localitzaci\u00f3 d\u2019espais i la coordinaci\u00f3 amb serveis i professionals locals. \u201cVolem posar-ho f\u00e0cil a les productores i convertir la Vall en un dest\u00ed atractiu i competitiu per als rodatges\u201d, ha explicat el regidor de Turisme i conseller delegat d\u2019Emsevall, Javier Ferreres.<\/p>\n\n\n\n<p>Un dels principals atractius \u00e9s les Coves de Sant Josep, un escenari natural \u00fanic a Europa que ja ha despertat l\u2019inter\u00e9s del sector audiovisual. De fet, l\u2019any passat es va rodar en este enclavament part d\u2019una producci\u00f3 cinematogr\u00e0fica alemanya i, actualment, hi ha nous projectes audiovisuals en cartera previstos per als pr\u00f2xims mesos. \u201cLes Coves s\u00f3n un plat\u00f3 natural espectacular i la Film Office ens permet ordenar, canalitzar i aprofitar eixe inter\u00e9s creixent\u201d, ha assenyalat Ferreres.<\/p>\n\n\n\n<p>La presentaci\u00f3 de la Film Office en FITUR Screen refor\u00e7a l\u2019estrat\u00e8gia tur\u00edstica de la Vall d\u2019Uix\u00f3, que aposta per diversificar la seua oferta, generar noves oportunitats econ\u00f2miques i augmentar la visibilitat del municipi a escala nacional i internacional. El turisme audiovisual permet, a m\u00e9s, vincular la promoci\u00f3 del dest\u00ed amb produccions de gran abast medi\u00e0tic i emocional.<\/p>\n\n\n\n<p>Durant el primer any de funcionament, un dels objectius prioritaris de la Film Office ser\u00e0 obrir mercat i generar sinergies amb altres administracions i agents del sector audiovisual, tant a nivell auton\u00f2mic com estatal i internacional. \u201cNo es tracta nom\u00e9s d\u2019atraure rodatges, sin\u00f3 de crear un ecosistema de col\u00b7laboraci\u00f3 que beneficie el conjunt del municipi\u201d, ha afegit el regidor.<\/p>\n\n\n\n<p>Tota la informaci\u00f3 sobre localitzacions, serveis, permisos i contacte est\u00e0 disponible en la web oficial de la Film Office de la Vall d\u2019Uix\u00f3: <a href=\"https:\/\/filmofficelavallduixo.es\/\"><strong>https:\/\/filmofficelavallduixo.es\/<\/strong><\/a><strong>.<\/strong> Amb esta iniciativa, la Vall d\u2019Uix\u00f3 consolida la seua pres\u00e8ncia en FITUR com a dest\u00ed innovador i suma el turisme audiovisual a la seua aposta per un model tur\u00edstic sostenible, diversificat i amb retorn econ\u00f2mic i social per a la ciutat.<\/p>\n","protected":false},"excerpt":{"rendered":"<p>La nova oficina es presenta en FITUR Screen com una eina clau per al turisme audiovisual i la projecci\u00f3 exterior de la ciutat L\u2019Ajuntament de la Vall d\u2019Uix\u00f3 ha presentat en FITUR Screen la seua Film Office, una nova eina estrat\u00e8gica destinada a atraure i facilitar rodatges audiovisuals al municipi i a refor\u00e7ar la promoci\u00f3 &#8230; <a title=\"La Vall d\u2019Uix\u00f3 impulsa la seua Film Office per atraure rodatges i promocionar el municipi\" class=\"read-more\" href=\"https:\/\/elcafedepipa.com\/index.php\/2026\/01\/24\/la-vall-duixo-impulsa-la-seua-film-office-per-atraure-rodatges-i-promocionar-el-municipi\/\" aria-label=\"M\u00e9s informaci\u00f3 sobre La Vall d\u2019Uix\u00f3 impulsa la seua Film Office per atraure rodatges i promocionar el municipi\">Read more<\/a><\/p>\n","protected":false},"author":2,"featured_media":21172,"comment_status":"closed","ping_status":"closed","sticky":false,"template":"","format":"standard","meta":{"om_disable_all_campaigns":false,"_monsterinsights_skip_tracking":false,"_monsterinsights_sitenote_active":false,"_monsterinsights_sitenote_note":"","_monsterinsights_sitenote_category":0,"_uf_show_specific_survey":0,"_uf_disable_surveys":false,"footnotes":""},"categories":[1],"tags":[],"class_list":["post-21171","post","type-post","status-publish","format-standard","has-post-thumbnail","hentry","category-non-classe"],"_links":{"self":[{"href":"https:\/\/elcafedepipa.com\/index.php\/wp-json\/wp\/v2\/posts\/21171","targetHints":{"allow":["GET"]}}],"collection":[{"href":"https:\/\/elcafedepipa.com\/index.php\/wp-json\/wp\/v2\/posts"}],"about":[{"href":"https:\/\/elcafedepipa.com\/index.php\/wp-json\/wp\/v2\/types\/post"}],"author":[{"embeddable":true,"href":"https:\/\/elcafedepipa.com\/index.php\/wp-json\/wp\/v2\/users\/2"}],"replies":[{"embeddable":true,"href":"https:\/\/elcafedepipa.com\/index.php\/wp-json\/wp\/v2\/comments?post=21171"}],"version-history":[{"count":1,"href":"https:\/\/elcafedepipa.com\/index.php\/wp-json\/wp\/v2\/posts\/21171\/revisions"}],"predecessor-version":[{"id":21173,"href":"https:\/\/elcafedepipa.com\/index.php\/wp-json\/wp\/v2\/posts\/21171\/revisions\/21173"}],"wp:featuredmedia":[{"embeddable":true,"href":"https:\/\/elcafedepipa.com\/index.php\/wp-json\/wp\/v2\/media\/21172"}],"wp:attachment":[{"href":"https:\/\/elcafedepipa.com\/index.php\/wp-json\/wp\/v2\/media?parent=21171"}],"wp:term":[{"taxonomy":"category","embeddable":true,"href":"https:\/\/elcafedepipa.com\/index.php\/wp-json\/wp\/v2\/categories?post=21171"},{"taxonomy":"post_tag","embeddable":true,"href":"https:\/\/elcafedepipa.com\/index.php\/wp-json\/wp\/v2\/tags?post=21171"}],"curies":[{"name":"wp","href":"https:\/\/api.w.org\/{rel}","templated":true}]}}