{"id":2084,"date":"2024-06-11T14:03:42","date_gmt":"2024-06-11T12:03:42","guid":{"rendered":"https:\/\/elcafedepipa.com\/?p=2084"},"modified":"2024-06-11T14:03:43","modified_gmt":"2024-06-11T12:03:43","slug":"podcast-jero-castello-de-gira-per-argentina","status":"publish","type":"post","link":"https:\/\/elcafedepipa.com\/index.php\/2024\/06\/11\/podcast-jero-castello-de-gira-per-argentina\/","title":{"rendered":"Podcast | Jero Castell\u00f3, de gira per Argentina"},"content":{"rendered":"\n<p><strong>\u00c0UDIO |<\/strong> Compartim uns minuts de r\u00e0dio amb l&#8217;il\u00b7lustre music i director valler Jero Castell\u00f3, que ens at\u00e9n telef\u00f2nicament des d&#8217;Argentina. Es troba actualment de gira per aquest pais, les primeres dos setmanes amb l&#8217;orquestra simf\u00f2nica de la universitat de San Juan i despr\u00e9s amb la banda simf\u00f2nica municipal del Mar del Plata.<\/p>\n\n\n\n<figure class=\"wp-block-audio\"><audio controls src=\"https:\/\/elcafedepipa.com\/wp-content\/uploads\/2024\/06\/jero11juny.mp3\"><\/audio><\/figure>\n","protected":false},"excerpt":{"rendered":"<p>\u00c0UDIO | Compartim uns minuts de r\u00e0dio amb l&#8217;il\u00b7lustre music i director valler Jero Castell\u00f3, que ens at\u00e9n telef\u00f2nicament des d&#8217;Argentina. Es troba actualment de gira per aquest pais, les primeres dos setmanes amb l&#8217;orquestra simf\u00f2nica de la universitat de San Juan i despr\u00e9s amb la banda simf\u00f2nica municipal del Mar del Plata.<\/p>\n","protected":false},"author":2,"featured_media":2089,"comment_status":"closed","ping_status":"closed","sticky":false,"template":"","format":"standard","meta":{"om_disable_all_campaigns":false,"_monsterinsights_skip_tracking":false,"_monsterinsights_sitenote_active":false,"_monsterinsights_sitenote_note":"","_monsterinsights_sitenote_category":0,"_uf_show_specific_survey":0,"_uf_disable_surveys":false,"footnotes":""},"categories":[2],"tags":[],"class_list":["post-2084","post","type-post","status-publish","format-standard","has-post-thumbnail","hentry","category-lavallduixo"],"_links":{"self":[{"href":"https:\/\/elcafedepipa.com\/index.php\/wp-json\/wp\/v2\/posts\/2084","targetHints":{"allow":["GET"]}}],"collection":[{"href":"https:\/\/elcafedepipa.com\/index.php\/wp-json\/wp\/v2\/posts"}],"about":[{"href":"https:\/\/elcafedepipa.com\/index.php\/wp-json\/wp\/v2\/types\/post"}],"author":[{"embeddable":true,"href":"https:\/\/elcafedepipa.com\/index.php\/wp-json\/wp\/v2\/users\/2"}],"replies":[{"embeddable":true,"href":"https:\/\/elcafedepipa.com\/index.php\/wp-json\/wp\/v2\/comments?post=2084"}],"version-history":[{"count":0,"href":"https:\/\/elcafedepipa.com\/index.php\/wp-json\/wp\/v2\/posts\/2084\/revisions"}],"wp:featuredmedia":[{"embeddable":true,"href":"https:\/\/elcafedepipa.com\/index.php\/wp-json\/wp\/v2\/media\/2089"}],"wp:attachment":[{"href":"https:\/\/elcafedepipa.com\/index.php\/wp-json\/wp\/v2\/media?parent=2084"}],"wp:term":[{"taxonomy":"category","embeddable":true,"href":"https:\/\/elcafedepipa.com\/index.php\/wp-json\/wp\/v2\/categories?post=2084"},{"taxonomy":"post_tag","embeddable":true,"href":"https:\/\/elcafedepipa.com\/index.php\/wp-json\/wp\/v2\/tags?post=2084"}],"curies":[{"name":"wp","href":"https:\/\/api.w.org\/{rel}","templated":true}]}}