{"id":2071,"date":"2024-06-11T13:17:57","date_gmt":"2024-06-11T11:17:57","guid":{"rendered":"https:\/\/elcafedepipa.com\/?p=2071"},"modified":"2024-06-11T13:17:58","modified_gmt":"2024-06-11T11:17:58","slug":"podcast-la-rondalla-vallera-programa-el-concert-de-primavera-per-a-aquest-dissabte","status":"publish","type":"post","link":"https:\/\/elcafedepipa.com\/index.php\/2024\/06\/11\/podcast-la-rondalla-vallera-programa-el-concert-de-primavera-per-a-aquest-dissabte\/","title":{"rendered":"Podcast | La Rondalla Vallera programa el Concert de Primavera per a aquest dissabte"},"content":{"rendered":"\n<p><strong>\u00c0UDIO | <\/strong>Tony Martin, des de la Rondalla Vallera, ens presenta el Concert de Primavera 2024, que se celebrar\u00e0 aquest dissabte 15 de juny a les 19:30h al Teatre Carmen Tur. Tamb\u00e9 ens detalla el repertori que han preparat, tenint en compte els gustos de tota la ciutadania.<\/p>\n\n\n\n<figure class=\"wp-block-audio\"><audio controls src=\"https:\/\/elcafedepipa.com\/wp-content\/uploads\/2024\/06\/rondalla11juny.mp3\"><\/audio><\/figure>\n","protected":false},"excerpt":{"rendered":"<p>\u00c0UDIO | Tony Martin, des de la Rondalla Vallera, ens presenta el Concert de Primavera 2024, que se celebrar\u00e0 aquest dissabte 15 de juny a les 19:30h al Teatre Carmen Tur. Tamb\u00e9 ens detalla el repertori que han preparat, tenint en compte els gustos de tota la ciutadania.<\/p>\n","protected":false},"author":2,"featured_media":2072,"comment_status":"closed","ping_status":"closed","sticky":false,"template":"","format":"standard","meta":{"om_disable_all_campaigns":false,"_monsterinsights_skip_tracking":false,"_monsterinsights_sitenote_active":false,"_monsterinsights_sitenote_note":"","_monsterinsights_sitenote_category":0,"_uf_show_specific_survey":0,"_uf_disable_surveys":false,"footnotes":""},"categories":[2],"tags":[],"class_list":["post-2071","post","type-post","status-publish","format-standard","has-post-thumbnail","hentry","category-lavallduixo"],"_links":{"self":[{"href":"https:\/\/elcafedepipa.com\/index.php\/wp-json\/wp\/v2\/posts\/2071","targetHints":{"allow":["GET"]}}],"collection":[{"href":"https:\/\/elcafedepipa.com\/index.php\/wp-json\/wp\/v2\/posts"}],"about":[{"href":"https:\/\/elcafedepipa.com\/index.php\/wp-json\/wp\/v2\/types\/post"}],"author":[{"embeddable":true,"href":"https:\/\/elcafedepipa.com\/index.php\/wp-json\/wp\/v2\/users\/2"}],"replies":[{"embeddable":true,"href":"https:\/\/elcafedepipa.com\/index.php\/wp-json\/wp\/v2\/comments?post=2071"}],"version-history":[{"count":0,"href":"https:\/\/elcafedepipa.com\/index.php\/wp-json\/wp\/v2\/posts\/2071\/revisions"}],"wp:featuredmedia":[{"embeddable":true,"href":"https:\/\/elcafedepipa.com\/index.php\/wp-json\/wp\/v2\/media\/2072"}],"wp:attachment":[{"href":"https:\/\/elcafedepipa.com\/index.php\/wp-json\/wp\/v2\/media?parent=2071"}],"wp:term":[{"taxonomy":"category","embeddable":true,"href":"https:\/\/elcafedepipa.com\/index.php\/wp-json\/wp\/v2\/categories?post=2071"},{"taxonomy":"post_tag","embeddable":true,"href":"https:\/\/elcafedepipa.com\/index.php\/wp-json\/wp\/v2\/tags?post=2071"}],"curies":[{"name":"wp","href":"https:\/\/api.w.org\/{rel}","templated":true}]}}