{"id":2064,"date":"2024-06-11T11:45:47","date_gmt":"2024-06-11T09:45:47","guid":{"rendered":"https:\/\/elcafedepipa.com\/?p=2064"},"modified":"2024-06-11T11:47:45","modified_gmt":"2024-06-11T09:47:45","slug":"la-guardia-civil-dete-7-persones-en-loperacio-plehra-a-la-ribera-de-cabanes","status":"publish","type":"post","link":"https:\/\/elcafedepipa.com\/index.php\/2024\/06\/11\/la-guardia-civil-dete-7-persones-en-loperacio-plehra-a-la-ribera-de-cabanes\/","title":{"rendered":"La Gu\u00e0rdia Civil det\u00e9 7 persones en l&#8217;Operaci\u00f3 PLEHRA a La Ribera de Cabanes"},"content":{"rendered":"\n<p style=\"font-size:24px\"><strong>L&#8217;operaci\u00f3 ha desmantellat una organitzaci\u00f3 criminal dedicada al cultiu i elaboraci\u00f3 de drogues i la defraudaci\u00f3 de fluid el\u00e8ctric<\/strong><\/p>\n\n\n\n<p>En primer lloc, es va procedir a la detenci\u00f3 de dos homes i es va&nbsp;confiscar&nbsp;una furgoneta que transportava m\u00e9s de 27 quilograms de marihuana, camuflada entre restes de brossa per dificultar-ne la detecci\u00f3.<\/p>\n\n\n\n<p>Posteriorment, es va realitzar una registre degudament autoritzat en un immoble situat a&nbsp;La&nbsp;Ribera de Cabanes, on es van trobar al voltant de 770 plantes de marihuana en diferents estats de floraci\u00f3, aix\u00ed com bosses amb picadura de cabdell de la mateixa droga. En aquesta actuaci\u00f3, es va procedir a la detenci\u00f3 de tres persones m\u00e9s,&nbsp;incautant-se tamb\u00e9 un vehicle tot terreny i material industrial dedicat al cultiu de marihuana, valorat en m\u00e9s de mig mili\u00f3 d&#8217;euros.<\/p>\n\n\n\n<p>L&#8217;immoble estava rodejat de c\u00e0meres de seguretat que transmetien les imatges en directe a tots els membres de l&#8217;organitzaci\u00f3 per detectar pres\u00e8ncia policial. A m\u00e9s, per no cridar l&#8217;atenci\u00f3 de les companyies el\u00e8ctriques pels alts consums, els focus amb els quals es cultivava la marihuana disposaven de tecnologia LED.<\/p>\n\n\n\n<p>Els gu\u00e0rdies civils van tenir const\u00e0ncia que dues persones de l&#8217;organitzaci\u00f3 havien marxat fora de la prov\u00edncia, per la qual cosa es van sol\u00b7licitar ordres de cerca i captura que van donar com a resultat la detenci\u00f3 d&#8217;una d&#8217;elles per part del Cos Nacional de Policia a l&#8217;aeroport Josep Tarradellas de Barcelona, quan intentava fugir del pa\u00eds, aix\u00ed com la detenci\u00f3 de la segona persona per la Gu\u00e0rdia Civil de Fraga (Osca) en aquesta localitat.<\/p>\n\n\n\n<p>Les dilig\u00e8ncies instru\u00efdes, juntament amb els detinguts, van ser entregades als Jutjats de Castell\u00f3, que van decretar l&#8217;ingr\u00e9s a pres\u00f3 de cinc d&#8217;ells.<\/p>\n\n\n\n<p><\/p>\n","protected":false},"excerpt":{"rendered":"<p>L&#8217;operaci\u00f3 ha desmantellat una organitzaci\u00f3 criminal dedicada al cultiu i elaboraci\u00f3 de drogues i la defraudaci\u00f3 de fluid el\u00e8ctric En primer lloc, es va procedir a la detenci\u00f3 de dos homes i es va&nbsp;confiscar&nbsp;una furgoneta que transportava m\u00e9s de 27 quilograms de marihuana, camuflada entre restes de brossa per dificultar-ne la detecci\u00f3. Posteriorment, es va &#8230; <a title=\"La Gu\u00e0rdia Civil det\u00e9 7 persones en l&#8217;Operaci\u00f3 PLEHRA a La Ribera de Cabanes\" class=\"read-more\" href=\"https:\/\/elcafedepipa.com\/index.php\/2024\/06\/11\/la-guardia-civil-dete-7-persones-en-loperacio-plehra-a-la-ribera-de-cabanes\/\" aria-label=\"M\u00e9s informaci\u00f3 sobre La Gu\u00e0rdia Civil det\u00e9 7 persones en l&#8217;Operaci\u00f3 PLEHRA a La Ribera de Cabanes\">Read more<\/a><\/p>\n","protected":false},"author":2,"featured_media":2067,"comment_status":"closed","ping_status":"closed","sticky":false,"template":"","format":"standard","meta":{"om_disable_all_campaigns":false,"_monsterinsights_skip_tracking":false,"_monsterinsights_sitenote_active":false,"_monsterinsights_sitenote_note":"","_monsterinsights_sitenote_category":0,"_uf_show_specific_survey":0,"_uf_disable_surveys":false,"footnotes":""},"categories":[10],"tags":[],"class_list":["post-2064","post","type-post","status-publish","format-standard","has-post-thumbnail","hentry","category-provinciadecastello"],"_links":{"self":[{"href":"https:\/\/elcafedepipa.com\/index.php\/wp-json\/wp\/v2\/posts\/2064","targetHints":{"allow":["GET"]}}],"collection":[{"href":"https:\/\/elcafedepipa.com\/index.php\/wp-json\/wp\/v2\/posts"}],"about":[{"href":"https:\/\/elcafedepipa.com\/index.php\/wp-json\/wp\/v2\/types\/post"}],"author":[{"embeddable":true,"href":"https:\/\/elcafedepipa.com\/index.php\/wp-json\/wp\/v2\/users\/2"}],"replies":[{"embeddable":true,"href":"https:\/\/elcafedepipa.com\/index.php\/wp-json\/wp\/v2\/comments?post=2064"}],"version-history":[{"count":0,"href":"https:\/\/elcafedepipa.com\/index.php\/wp-json\/wp\/v2\/posts\/2064\/revisions"}],"wp:featuredmedia":[{"embeddable":true,"href":"https:\/\/elcafedepipa.com\/index.php\/wp-json\/wp\/v2\/media\/2067"}],"wp:attachment":[{"href":"https:\/\/elcafedepipa.com\/index.php\/wp-json\/wp\/v2\/media?parent=2064"}],"wp:term":[{"taxonomy":"category","embeddable":true,"href":"https:\/\/elcafedepipa.com\/index.php\/wp-json\/wp\/v2\/categories?post=2064"},{"taxonomy":"post_tag","embeddable":true,"href":"https:\/\/elcafedepipa.com\/index.php\/wp-json\/wp\/v2\/tags?post=2064"}],"curies":[{"name":"wp","href":"https:\/\/api.w.org\/{rel}","templated":true}]}}