{"id":20634,"date":"2026-01-07T09:28:16","date_gmt":"2026-01-07T08:28:16","guid":{"rendered":"https:\/\/elcafedepipa.com\/?p=20634"},"modified":"2026-01-07T09:28:17","modified_gmt":"2026-01-07T08:28:17","slug":"la-guardia-civil-ha-detingut-una-persona-per-sostraure-un-vehicle-i-ferramentes-en-una-empresa-dalmassora","status":"publish","type":"post","link":"https:\/\/elcafedepipa.com\/index.php\/2026\/01\/07\/la-guardia-civil-ha-detingut-una-persona-per-sostraure-un-vehicle-i-ferramentes-en-una-empresa-dalmassora\/","title":{"rendered":"La Gu\u00e0rdia Civil ha detingut una persona per sostraure un vehicle i ferramentes en una empresa d\u2019Almassora."},"content":{"rendered":"\n<p class=\"wp-block-paragraph\">La Gu\u00e0rdia Civil ha detingut una persona com a presumpta autora d\u2019un delicte de robatori amb for\u00e7a com\u00e9s en una empresa de la localitat d\u2019Almassora, despr\u00e9s de la sostracci\u00f3 de divers material i d\u2019un vehicle.<\/p>\n\n\n\n<p class=\"wp-block-paragraph\">Els fets es van produir en la matinada del dia 10 de desembre, despr\u00e9s de for\u00e7ar una porta d\u2019acc\u00e9s a una nau industrial, de l\u2019interior de la qual va ser sostret un vehicle, aix\u00ed com material i ferramentes destinades a la cura i recol\u00b7lecci\u00f3 d\u2019arbres c\u00edtrics.<\/p>\n\n\n\n<p class=\"wp-block-paragraph\">Agents de la Gu\u00e0rdia Civil d\u2019Almassora van iniciar la investigaci\u00f3 dels fets denunciats per a la identificaci\u00f3 de l\u2019autor i la recuperaci\u00f3 dels efectes sostrets, sent localitzat el passat dia 29 de desembre un vehicle totalment calcinat en un cam\u00ed de dif\u00edcil acc\u00e9s entre camps de tarongers.<\/p>\n\n\n\n<p class=\"wp-block-paragraph\">Pel lloc on es trobava el citat vehicle es creu que va ser incendiat amb l\u2019objectiu de dificultar la seua localitzaci\u00f3 i eliminar possibles proves. Els investigadors van aconseguir identificar el vehicle i relacionar-lo amb l\u2019implicat.<\/p>\n\n\n\n<p class=\"wp-block-paragraph\">El detingut \u00e9s un home de 45 anys d\u2019edat al qual se li atribueix un delicte de robatori amb for\u00e7a i un altre de danys per un valor total de 25.200 euros.<\/p>\n\n\n\n<p class=\"wp-block-paragraph\">L\u2019actuaci\u00f3 ha sigut realitzada per components del Lloc Principal de la Gu\u00e0rdia Civil d\u2019Almassora.<\/p>\n\n\n\n<p class=\"wp-block-paragraph\">El detingut ha sigut posat a disposici\u00f3 judicial junt amb les dilig\u00e8ncies instru\u00efdes, decretant el Jutjat de Gu\u00e0rdia de Castell\u00f3 la pres\u00f3 provisional.<\/p>\n","protected":false},"excerpt":{"rendered":"<p>La Gu\u00e0rdia Civil ha detingut una persona com a presumpta autora d\u2019un delicte de robatori amb for\u00e7a com\u00e9s en una empresa de la localitat d\u2019Almassora, despr\u00e9s de la sostracci\u00f3 de divers material i d\u2019un vehicle. Els fets es van produir en la matinada del dia 10 de desembre, despr\u00e9s de for\u00e7ar una porta d\u2019acc\u00e9s a &#8230; <a title=\"La Gu\u00e0rdia Civil ha detingut una persona per sostraure un vehicle i ferramentes en una empresa d\u2019Almassora.\" class=\"read-more\" href=\"https:\/\/elcafedepipa.com\/index.php\/2026\/01\/07\/la-guardia-civil-ha-detingut-una-persona-per-sostraure-un-vehicle-i-ferramentes-en-una-empresa-dalmassora\/\" aria-label=\"M\u00e9s informaci\u00f3 sobre La Gu\u00e0rdia Civil ha detingut una persona per sostraure un vehicle i ferramentes en una empresa d\u2019Almassora.\">Read more<\/a><\/p>\n","protected":false},"author":2,"featured_media":20635,"comment_status":"closed","ping_status":"closed","sticky":false,"template":"","format":"standard","meta":{"om_disable_all_campaigns":false,"_monsterinsights_skip_tracking":false,"_uf_show_specific_survey":0,"_uf_disable_surveys":false,"slim_seo":{"title":"La Gu\u00e0rdia Civil ha detingut una persona per sostraure un vehicle i ferramentes en una empresa d\u2019Almassora. - El caf\u00e9 de Pipa","description":"La Gu\u00e0rdia Civil ha detingut una persona com a presumpta autora d\u2019un delicte de robatori amb for\u00e7a com\u00e9s en una empresa de la localitat d\u2019Almassora, despr\u00e9s de"},"footnotes":""},"categories":[10],"tags":[],"ppma_author":[74],"class_list":["post-20634","post","type-post","status-publish","format-standard","has-post-thumbnail","hentry","category-provinciadecastello"],"distributor_meta":false,"distributor_terms":false,"distributor_media":false,"distributor_original_site_name":"El caf\u00e9 de Pipa","distributor_original_site_url":"https:\/\/elcafedepipa.com","push-errors":false,"authors":[{"term_id":74,"user_id":2,"is_guest":0,"slug":"radiolavallduixo","display_name":"Vicent Arnau Forner","avatar_url":"https:\/\/secure.gravatar.com\/avatar\/26a27d13d194fc3b4d2a7a933a63466fa1af911ef6eac8a107691f6aeb82d442?s=96&d=mm&r=g","author_category":"","first_name":"ecdp","last_name":"","user_url":"http:\/\/www.elcafedepipa.com","job_title":"","description":""}],"_links":{"self":[{"href":"https:\/\/elcafedepipa.com\/index.php\/wp-json\/wp\/v2\/posts\/20634","targetHints":{"allow":["GET"]}}],"collection":[{"href":"https:\/\/elcafedepipa.com\/index.php\/wp-json\/wp\/v2\/posts"}],"about":[{"href":"https:\/\/elcafedepipa.com\/index.php\/wp-json\/wp\/v2\/types\/post"}],"author":[{"embeddable":true,"href":"https:\/\/elcafedepipa.com\/index.php\/wp-json\/wp\/v2\/users\/2"}],"replies":[{"embeddable":true,"href":"https:\/\/elcafedepipa.com\/index.php\/wp-json\/wp\/v2\/comments?post=20634"}],"version-history":[{"count":2,"href":"https:\/\/elcafedepipa.com\/index.php\/wp-json\/wp\/v2\/posts\/20634\/revisions"}],"predecessor-version":[{"id":20637,"href":"https:\/\/elcafedepipa.com\/index.php\/wp-json\/wp\/v2\/posts\/20634\/revisions\/20637"}],"wp:featuredmedia":[{"embeddable":true,"href":"https:\/\/elcafedepipa.com\/index.php\/wp-json\/wp\/v2\/media\/20635"}],"wp:attachment":[{"href":"https:\/\/elcafedepipa.com\/index.php\/wp-json\/wp\/v2\/media?parent=20634"}],"wp:term":[{"taxonomy":"category","embeddable":true,"href":"https:\/\/elcafedepipa.com\/index.php\/wp-json\/wp\/v2\/categories?post=20634"},{"taxonomy":"post_tag","embeddable":true,"href":"https:\/\/elcafedepipa.com\/index.php\/wp-json\/wp\/v2\/tags?post=20634"},{"taxonomy":"author","embeddable":true,"href":"https:\/\/elcafedepipa.com\/index.php\/wp-json\/wp\/v2\/ppma_author?post=20634"}],"curies":[{"name":"wp","href":"https:\/\/api.w.org\/{rel}","templated":true}]}}