{"id":20234,"date":"2025-12-18T12:48:12","date_gmt":"2025-12-18T11:48:12","guid":{"rendered":"https:\/\/elcafedepipa.com\/?p=20234"},"modified":"2025-12-18T12:48:13","modified_gmt":"2025-12-18T11:48:13","slug":"segons-els-populars-el-psoe-i-compromis-donen-lesquena-a-la-provincia-i-es-neguen-a-donar-suport-a-la-proposta-del-pp-per-a-exigir-a-sanchez-que-aprove-els-pressupostos","status":"publish","type":"post","link":"https:\/\/elcafedepipa.com\/index.php\/2025\/12\/18\/segons-els-populars-el-psoe-i-compromis-donen-lesquena-a-la-provincia-i-es-neguen-a-donar-suport-a-la-proposta-del-pp-per-a-exigir-a-sanchez-que-aprove-els-pressupostos\/","title":{"rendered":"Segons els populars &#8220;el PSOE i Comprom\u00eds donen l&#8217;esquena a la prov\u00edncia i es neguen a donar suport a la proposta del PP per a exigir a S\u00e1nchez que aprove els pressupostos"},"content":{"rendered":"\n<p>El PSOE i Comprom\u00eds han donat l&#8217;esquena este dimarts en Diputaci\u00f3 a una iniciativa liderada pel PP per a exigir al Govern d&#8217;Espanya l&#8217;aprovaci\u00f3 d&#8217;uns pressupostos que garantisquen inversi\u00f3 i desenrotllament a la prov\u00edncia.<\/p>\n\n\n\n<p>El seu rebuig a recolzar la proposta &#8220;demostra que estan en contra de la nostra terra i a favor dels seus interessos ideol\u00f2gics&#8221;. &#8220;Per a nosaltres el primer \u00e9s la prov\u00edncia i en eixa defensa ens trobar\u00e0&#8221;.<\/p>\n\n\n\n<p>Salvador Aguilella, secretari general del PPCS, ha fet estes declaracions despr\u00e9s del debat en ple celebrat esta setmana en la Diputaci\u00f3 de Castell\u00f3 &#8220;on una vegada m\u00e9s els ciutadans han pogut con\u00e9ixer qui def\u00e9n els seus interessos i qui nom\u00e9s es def\u00e9n a si mateix&#8221;.<\/p>\n\n\n\n<p>En el PP, &#8220;tenim clar que el primer s\u00f3n els castellonencs, i per aix\u00f2 ens trobaran a l&#8217;hora de treballar per la nostra terra i defendre les inversions que esta prov\u00edncia mereix&#8221;.<\/p>\n\n\n\n<p>En este sentit, el secretari general ha enumerat una llista de recursos pendents de finan\u00e7ament i execuci\u00f3 per part del Govern d&#8217;Espanya que &#8220;est\u00e0 m\u00e9s ocupat de defendre&#8217;s dels casos de corrupci\u00f3 i den\u00fancies per ab\u00fas sexual que esguiten el seu partit que a gestionar a Espanya i complir els seus deures constitucionals&#8221;.<\/p>\n\n\n\n<p>En 2023, el PSOE va retallar les inversions a la prov\u00edncia un 14%. Des de llavors, &#8220;no hi ha pressupostos&#8221;. Sense inversions per a la prevenci\u00f3 d&#8217;inundacions, ni per a la regeneraci\u00f3 del litoral castellonenc, \u201cel sector cer\u00e0mic, l&#8217;agricultura, la ramaderia i la pesca han vist com l&#8217;Estat els abandona\u201d.<\/p>\n\n\n\n<p>Urgixen els accessos a l&#8217;AP-7 de Benic\u00e0ssim, Vila-real i Vinar\u00f2s, la prolongaci\u00f3 de la A-7 fins a Tarragona, inversi\u00f3 en carreteres estatals i en casernes de la Gu\u00e0rdia Civil, o la comissaria del Cos Nacional de Policia a Vila-real. \u201cUrgix un canvi de govern i la llibertat per a decidir-lo en les urnes\u201d, ha concl\u00f2s Aguilella.<\/p>\n","protected":false},"excerpt":{"rendered":"<p>El PSOE i Comprom\u00eds han donat l&#8217;esquena este dimarts en Diputaci\u00f3 a una iniciativa liderada pel PP per a exigir al Govern d&#8217;Espanya l&#8217;aprovaci\u00f3 d&#8217;uns pressupostos que garantisquen inversi\u00f3 i desenrotllament a la prov\u00edncia. El seu rebuig a recolzar la proposta &#8220;demostra que estan en contra de la nostra terra i a favor dels seus &#8230; <a title=\"Segons els populars &#8220;el PSOE i Comprom\u00eds donen l&#8217;esquena a la prov\u00edncia i es neguen a donar suport a la proposta del PP per a exigir a S\u00e1nchez que aprove els pressupostos\" class=\"read-more\" href=\"https:\/\/elcafedepipa.com\/index.php\/2025\/12\/18\/segons-els-populars-el-psoe-i-compromis-donen-lesquena-a-la-provincia-i-es-neguen-a-donar-suport-a-la-proposta-del-pp-per-a-exigir-a-sanchez-que-aprove-els-pressupostos\/\" aria-label=\"M\u00e9s informaci\u00f3 sobre Segons els populars &#8220;el PSOE i Comprom\u00eds donen l&#8217;esquena a la prov\u00edncia i es neguen a donar suport a la proposta del PP per a exigir a S\u00e1nchez que aprove els pressupostos\">Read more<\/a><\/p>\n","protected":false},"author":2,"featured_media":20235,"comment_status":"closed","ping_status":"closed","sticky":false,"template":"","format":"standard","meta":{"om_disable_all_campaigns":false,"_monsterinsights_skip_tracking":false,"_monsterinsights_sitenote_active":false,"_monsterinsights_sitenote_note":"","_monsterinsights_sitenote_category":0,"_uf_show_specific_survey":0,"_uf_disable_surveys":false,"footnotes":""},"categories":[11],"tags":[],"class_list":["post-20234","post","type-post","status-publish","format-standard","has-post-thumbnail","hentry","category-comunitatvalenciana"],"_links":{"self":[{"href":"https:\/\/elcafedepipa.com\/index.php\/wp-json\/wp\/v2\/posts\/20234","targetHints":{"allow":["GET"]}}],"collection":[{"href":"https:\/\/elcafedepipa.com\/index.php\/wp-json\/wp\/v2\/posts"}],"about":[{"href":"https:\/\/elcafedepipa.com\/index.php\/wp-json\/wp\/v2\/types\/post"}],"author":[{"embeddable":true,"href":"https:\/\/elcafedepipa.com\/index.php\/wp-json\/wp\/v2\/users\/2"}],"replies":[{"embeddable":true,"href":"https:\/\/elcafedepipa.com\/index.php\/wp-json\/wp\/v2\/comments?post=20234"}],"version-history":[{"count":2,"href":"https:\/\/elcafedepipa.com\/index.php\/wp-json\/wp\/v2\/posts\/20234\/revisions"}],"predecessor-version":[{"id":20237,"href":"https:\/\/elcafedepipa.com\/index.php\/wp-json\/wp\/v2\/posts\/20234\/revisions\/20237"}],"wp:featuredmedia":[{"embeddable":true,"href":"https:\/\/elcafedepipa.com\/index.php\/wp-json\/wp\/v2\/media\/20235"}],"wp:attachment":[{"href":"https:\/\/elcafedepipa.com\/index.php\/wp-json\/wp\/v2\/media?parent=20234"}],"wp:term":[{"taxonomy":"category","embeddable":true,"href":"https:\/\/elcafedepipa.com\/index.php\/wp-json\/wp\/v2\/categories?post=20234"},{"taxonomy":"post_tag","embeddable":true,"href":"https:\/\/elcafedepipa.com\/index.php\/wp-json\/wp\/v2\/tags?post=20234"}],"curies":[{"name":"wp","href":"https:\/\/api.w.org\/{rel}","templated":true}]}}