{"id":20170,"date":"2025-12-17T12:01:45","date_gmt":"2025-12-17T11:01:45","guid":{"rendered":"https:\/\/elcafedepipa.com\/?p=20170"},"modified":"2025-12-17T12:01:46","modified_gmt":"2025-12-17T11:01:46","slug":"la-diputacio-de-castello-reforca-el-seu-suport-a-lus-de-la-ceramica-com-a-material-de-referencia-en-projectes-nacionals-i-internacionals","status":"publish","type":"post","link":"https:\/\/elcafedepipa.com\/index.php\/2025\/12\/17\/la-diputacio-de-castello-reforca-el-seu-suport-a-lus-de-la-ceramica-com-a-material-de-referencia-en-projectes-nacionals-i-internacionals\/","title":{"rendered":"La Diputaci\u00f3 de Castell\u00f3 refor\u00e7a el seu suport a l&#8217;\u00fas de la cer\u00e0mica com a material de refer\u00e8ncia en projectes nacionals i internacionals"},"content":{"rendered":"\n<p>La Diputaci\u00f3 de Castell\u00f3 refor\u00e7a el seu suport a l&#8217;\u00fas de la cer\u00e0mica com a material de refer\u00e8ncia en projectes nacionals i internacionals.<\/p>\n\n\n\n<p>Ascer ha presentat la publicaci\u00f3 \u2018Ceramic. The outer layer of architecture. Vol. 04\u2019, la qual compta amb la col\u00b7laboraci\u00f3 de la instituci\u00f3 provincial dins de les accions marcades per a impulsar, ajudar i col\u00b7laborar amb un sector estrat\u00e8gic de la prov\u00edncia.<\/p>\n\n\n\n<p>El volum 04 continua la l\u00ednia editorial iniciada amb els lliuraments anteriors i arreplega prop de 50 projectes destacats d&#8217;arquitectura i interiorisme realitzats amb cer\u00e0mica d&#8217;empreses associades a la patronal taulellera. La publicaci\u00f3 presenta una cuidada selecci\u00f3 visual i editorial, i s&#8217;ha consolidat com una ferramenta de promoci\u00f3 i difusi\u00f3 de la cer\u00e0mica espanyola entre arquitectes, prescriptors i entitats del sector.<\/p>\n\n\n\n<p>El president de ASCER, Ismael Garc\u00eda, ha indicat que \u201ceste nou volum reunix una selecci\u00f3 de projectes que mostren com la cer\u00e0mica espanyola s&#8217;integra de manera natural en l&#8217;arquitectura contempor\u00e0nia, la rehabilitaci\u00f3, l&#8217;espai p\u00fablic i els nous llenguatges constructius\u201d.<\/p>\n\n\n\n<p>Igual que en els volums anteriors, esta edici\u00f3 destaca l&#8217;\u00e0mplia diversitat d&#8217;aplicacions de la cer\u00e0mica i la seua capacitat per a oferir solucions sostenibles, innovadores i vers\u00e0tils. Al llarg dels seus cinc cap\u00edtols, el llibre arreplega exemples en vivenda, espais p\u00fablics, fa\u00e7anes, rehabilitaci\u00f3 i projectes contract, mostrant la riquesa i potencial del material en diferents contextos arquitect\u00f2nics.<\/p>\n\n\n\n<p>El president de la patronal taulellera ha expressat un especial reconeixement a la Diputaci\u00f3 de Castell\u00f3 \u201cpel seu suport continu a esta publicaci\u00f3 i, en general, pel seu ferm acompanyament i defensa del cl\u00faster cer\u00e0mic amb iniciatives com esta o com el concurs de regeneraci\u00f3 urbana CRU que impulsa l&#8217;\u00fas de cer\u00e0mica en urbanisme\u201d. En eixe sentit, Garc\u00eda Peris ha subratllat que esta edici\u00f3 incorpora dos dels projectes premiats en el concurs CRU.<\/p>\n\n\n\n<p>El suport institucional, ha afegit, \u201c\u00e9s clau per a refor\u00e7ar la col\u00b7laboraci\u00f3 entre ind\u00fastria, arquitectura i territori, i per a continuar impulsant l&#8217;\u00fas de la cer\u00e0mica com a material de refer\u00e8ncia en projectes nacionals i internacionals\u00b7.<\/p>\n\n\n\n<p>Per part seua, el diputat de Promoci\u00f3 Cer\u00e0mica, Vicente Pallar\u00e9s, ha enaltit el sector cer\u00e0mic de la prov\u00edncia, i ha destacat que el nou volum \u201c\u00e9s una obra que mostra que la cer\u00e0mica de Castell\u00f3 \u00e9s ess\u00e8ncia d&#8217;esta prov\u00edncia\u201d ja que, com ha afegit, \u201cla cer\u00e0mica \u00e9s molt m\u00e9s que un sector econ\u00f2mic i per a esta terra representa un llegat, una tradici\u00f3 que ha format part de les nostres vides durant segles i que sempre ha sabut adaptar-se a la innovaci\u00f3\u201d. El diputat provincial ha reiterat el comprom\u00eds de la Diputat de Castell\u00f3 \u201cper continuar donant suport a un sector estrat\u00e8gic per a esta prov\u00edncia, font d&#8217;oportunitats, economia i desenvolupament\u201d.<\/p>\n\n\n\n<p>Els volums 01, 02, 03 i ara el volum 04 estan disponibles en versi\u00f3 biling\u00fce (espanyol i angl\u00e9s) en la web de Tile of Spain (www.tileofspain.com) i en la web de ASCER. L&#8217;edici\u00f3 impresa es distribuir\u00e0 entre estudis d&#8217;arquitectura, prescriptors i entitats participants en seminaris i jornades professionals.<\/p>\n\n\n\n<p><\/p>\n","protected":false},"excerpt":{"rendered":"<p>La Diputaci\u00f3 de Castell\u00f3 refor\u00e7a el seu suport a l&#8217;\u00fas de la cer\u00e0mica com a material de refer\u00e8ncia en projectes nacionals i internacionals. Ascer ha presentat la publicaci\u00f3 \u2018Ceramic. The outer layer of architecture. Vol. 04\u2019, la qual compta amb la col\u00b7laboraci\u00f3 de la instituci\u00f3 provincial dins de les accions marcades per a impulsar, ajudar &#8230; <a title=\"La Diputaci\u00f3 de Castell\u00f3 refor\u00e7a el seu suport a l&#8217;\u00fas de la cer\u00e0mica com a material de refer\u00e8ncia en projectes nacionals i internacionals\" class=\"read-more\" href=\"https:\/\/elcafedepipa.com\/index.php\/2025\/12\/17\/la-diputacio-de-castello-reforca-el-seu-suport-a-lus-de-la-ceramica-com-a-material-de-referencia-en-projectes-nacionals-i-internacionals\/\" aria-label=\"M\u00e9s informaci\u00f3 sobre La Diputaci\u00f3 de Castell\u00f3 refor\u00e7a el seu suport a l&#8217;\u00fas de la cer\u00e0mica com a material de refer\u00e8ncia en projectes nacionals i internacionals\">Read more<\/a><\/p>\n","protected":false},"author":2,"featured_media":20172,"comment_status":"closed","ping_status":"closed","sticky":false,"template":"","format":"standard","meta":{"om_disable_all_campaigns":false,"_monsterinsights_skip_tracking":false,"_monsterinsights_sitenote_active":false,"_monsterinsights_sitenote_note":"","_monsterinsights_sitenote_category":0,"_uf_show_specific_survey":0,"_uf_disable_surveys":false,"footnotes":""},"categories":[10],"tags":[],"class_list":["post-20170","post","type-post","status-publish","format-standard","has-post-thumbnail","hentry","category-provinciadecastello"],"_links":{"self":[{"href":"https:\/\/elcafedepipa.com\/index.php\/wp-json\/wp\/v2\/posts\/20170","targetHints":{"allow":["GET"]}}],"collection":[{"href":"https:\/\/elcafedepipa.com\/index.php\/wp-json\/wp\/v2\/posts"}],"about":[{"href":"https:\/\/elcafedepipa.com\/index.php\/wp-json\/wp\/v2\/types\/post"}],"author":[{"embeddable":true,"href":"https:\/\/elcafedepipa.com\/index.php\/wp-json\/wp\/v2\/users\/2"}],"replies":[{"embeddable":true,"href":"https:\/\/elcafedepipa.com\/index.php\/wp-json\/wp\/v2\/comments?post=20170"}],"version-history":[{"count":1,"href":"https:\/\/elcafedepipa.com\/index.php\/wp-json\/wp\/v2\/posts\/20170\/revisions"}],"predecessor-version":[{"id":20173,"href":"https:\/\/elcafedepipa.com\/index.php\/wp-json\/wp\/v2\/posts\/20170\/revisions\/20173"}],"wp:featuredmedia":[{"embeddable":true,"href":"https:\/\/elcafedepipa.com\/index.php\/wp-json\/wp\/v2\/media\/20172"}],"wp:attachment":[{"href":"https:\/\/elcafedepipa.com\/index.php\/wp-json\/wp\/v2\/media?parent=20170"}],"wp:term":[{"taxonomy":"category","embeddable":true,"href":"https:\/\/elcafedepipa.com\/index.php\/wp-json\/wp\/v2\/categories?post=20170"},{"taxonomy":"post_tag","embeddable":true,"href":"https:\/\/elcafedepipa.com\/index.php\/wp-json\/wp\/v2\/tags?post=20170"}],"curies":[{"name":"wp","href":"https:\/\/api.w.org\/{rel}","templated":true}]}}