{"id":20147,"date":"2025-12-16T14:05:14","date_gmt":"2025-12-16T13:05:14","guid":{"rendered":"https:\/\/elcafedepipa.com\/?p=20147"},"modified":"2025-12-16T14:05:15","modified_gmt":"2025-12-16T13:05:15","slug":"el-pspv-psoe-denuncia-que-el-pp-ha-convertit-el-ple-de-la-diputacio-en-una-picadora-didees-on-qui-perd-son-els-veins-i-veines-de-castello-i-els-seus-problemes","status":"publish","type":"post","link":"https:\/\/elcafedepipa.com\/index.php\/2025\/12\/16\/el-pspv-psoe-denuncia-que-el-pp-ha-convertit-el-ple-de-la-diputacio-en-una-picadora-didees-on-qui-perd-son-els-veins-i-veines-de-castello-i-els-seus-problemes\/","title":{"rendered":"El PSPV-PSOE denuncia que el PP ha convertit el ple de la Diputaci\u00f3 en una \u201cpicadora d\u2019idees\u201d on qui perd s\u00f3n els ve\u00efns i ve\u00efnes de Castell\u00f3 i els seus problemes"},"content":{"rendered":"\n<p>El portaveu del PSPV-PSOE a la Diputaci\u00f3 de Castell\u00f3, Samuel Falomir, ha lamentat que \u201cel PP governa amb majoria absoluta, per\u00f2 en contra de la majoria social\u201d, despr\u00e9s de tombar per en\u00e8sima vegada les mocions presentades per l\u2019oposici\u00f3. En el cas del Grup Socialista, les iniciatives reclamaven una soluci\u00f3 estable per al transport adaptat de persones dependents amb mobilitat redu\u00efda i m\u00e9s transpar\u00e8ncia en l\u2019assignaci\u00f3 de la maquin\u00e0ria per al manteniment dels camins rurals. Segons Falomir, l\u2019equip de govern ha convertit el ple en una \u201cpicadora d\u2019idees\u201d que retrata \u201cun govern que no escolta\u201d i que aplica la m\u00e0xima de \u201csi no \u00e9s del PP, no existeix\u201d.<\/p>\n\n\n\n<p>El diputat socialista ha assenyalat que l\u2019al\u00b7legat final de Marta Barrachina en defensa de la llibertat \u201cperd tot el valor\u201d quan despr\u00e9s presenten esmenes a la totalitat a les mocions socialistes o veten la seua aprovaci\u00f3. Falomir ha remarcat que \u201cla democr\u00e0cia s\u00f3n m\u00e9s acords i m\u00e9s di\u00e0leg\u201d i ha criticat que \u201cno es vulga ni tan sols debatre com millorar la vida de la gent de la prov\u00edncia de Castell\u00f3\u201d. En este sentit, ha acusat el PP d\u2019arribar sempre al ple \u201camb el gui\u00f3 escrit\u201d i disposat a tombar qualsevol proposta per als pobles que no porte la seua firma.<\/p>\n\n\n\n<p>Pel que fa al contingut de les mocions rebutjades, Falomir ha remarcat que \u201cno anaven contra ning\u00fa\u201d i que \u201cl\u2019\u00fanica cosa que buscaven era donar resposta a problemes que afecten directament persones vulnerables i sectors productius de la prov\u00edncia\u201d. El portaveu ha advertit que \u201cqui ix perdent s\u00f3n les persones dependents que no poden arribar al seu centre de dia o a una visita m\u00e8dica perqu\u00e8 no poden pagar el transport, i els llauradors que cada dia pateixen accessos en mal estat\u201d. Falomir ha assenyalat que \u201cen massa ocasions es nota que es prioritza les actuacions segons qui \u00e9s l\u2019alcalde\u201d i ha reclamat que \u201cels recursos de la Diputaci\u00f3 arriben a tots els municipis en igualtat de condicions, visquen on visquen i voten a qui voten\u201d.<\/p>\n\n\n\n<p>El portaveu socialista ha recordat que \u201cuna majoria absoluta no \u00e9s una barra lliure per a tancar la porta a propostes \u00fatils nom\u00e9s perqu\u00e8 venen de l\u2019oposici\u00f3\u201d i ha insistit que el grup socialista continuar\u00e0 defensant estes iniciatives al ple \u201cfins que el PP entenga que governar \u00e9s escoltar, dialogar i donar respostes junts\u201d.<\/p>\n","protected":false},"excerpt":{"rendered":"<p>El portaveu del PSPV-PSOE a la Diputaci\u00f3 de Castell\u00f3, Samuel Falomir, ha lamentat que \u201cel PP governa amb majoria absoluta, per\u00f2 en contra de la majoria social\u201d, despr\u00e9s de tombar per en\u00e8sima vegada les mocions presentades per l\u2019oposici\u00f3. En el cas del Grup Socialista, les iniciatives reclamaven una soluci\u00f3 estable per al transport adaptat de &#8230; <a title=\"El PSPV-PSOE denuncia que el PP ha convertit el ple de la Diputaci\u00f3 en una \u201cpicadora d\u2019idees\u201d on qui perd s\u00f3n els ve\u00efns i ve\u00efnes de Castell\u00f3 i els seus problemes\" class=\"read-more\" href=\"https:\/\/elcafedepipa.com\/index.php\/2025\/12\/16\/el-pspv-psoe-denuncia-que-el-pp-ha-convertit-el-ple-de-la-diputacio-en-una-picadora-didees-on-qui-perd-son-els-veins-i-veines-de-castello-i-els-seus-problemes\/\" aria-label=\"M\u00e9s informaci\u00f3 sobre El PSPV-PSOE denuncia que el PP ha convertit el ple de la Diputaci\u00f3 en una \u201cpicadora d\u2019idees\u201d on qui perd s\u00f3n els ve\u00efns i ve\u00efnes de Castell\u00f3 i els seus problemes\">Read more<\/a><\/p>\n","protected":false},"author":2,"featured_media":20148,"comment_status":"closed","ping_status":"closed","sticky":false,"template":"","format":"standard","meta":{"om_disable_all_campaigns":false,"_monsterinsights_skip_tracking":false,"_monsterinsights_sitenote_active":false,"_monsterinsights_sitenote_note":"","_monsterinsights_sitenote_category":0,"_uf_show_specific_survey":0,"_uf_disable_surveys":false,"footnotes":""},"categories":[11],"tags":[],"class_list":["post-20147","post","type-post","status-publish","format-standard","has-post-thumbnail","hentry","category-comunitatvalenciana"],"_links":{"self":[{"href":"https:\/\/elcafedepipa.com\/index.php\/wp-json\/wp\/v2\/posts\/20147","targetHints":{"allow":["GET"]}}],"collection":[{"href":"https:\/\/elcafedepipa.com\/index.php\/wp-json\/wp\/v2\/posts"}],"about":[{"href":"https:\/\/elcafedepipa.com\/index.php\/wp-json\/wp\/v2\/types\/post"}],"author":[{"embeddable":true,"href":"https:\/\/elcafedepipa.com\/index.php\/wp-json\/wp\/v2\/users\/2"}],"replies":[{"embeddable":true,"href":"https:\/\/elcafedepipa.com\/index.php\/wp-json\/wp\/v2\/comments?post=20147"}],"version-history":[{"count":1,"href":"https:\/\/elcafedepipa.com\/index.php\/wp-json\/wp\/v2\/posts\/20147\/revisions"}],"predecessor-version":[{"id":20149,"href":"https:\/\/elcafedepipa.com\/index.php\/wp-json\/wp\/v2\/posts\/20147\/revisions\/20149"}],"wp:featuredmedia":[{"embeddable":true,"href":"https:\/\/elcafedepipa.com\/index.php\/wp-json\/wp\/v2\/media\/20148"}],"wp:attachment":[{"href":"https:\/\/elcafedepipa.com\/index.php\/wp-json\/wp\/v2\/media?parent=20147"}],"wp:term":[{"taxonomy":"category","embeddable":true,"href":"https:\/\/elcafedepipa.com\/index.php\/wp-json\/wp\/v2\/categories?post=20147"},{"taxonomy":"post_tag","embeddable":true,"href":"https:\/\/elcafedepipa.com\/index.php\/wp-json\/wp\/v2\/tags?post=20147"}],"curies":[{"name":"wp","href":"https:\/\/api.w.org\/{rel}","templated":true}]}}