{"id":20144,"date":"2025-12-16T14:03:06","date_gmt":"2025-12-16T13:03:06","guid":{"rendered":"https:\/\/elcafedepipa.com\/?p=20144"},"modified":"2025-12-16T14:03:07","modified_gmt":"2025-12-16T13:03:07","slug":"laugment-de-visitants-impulsa-lampliacio-de-la-tourist-info-de-sant-josep","status":"publish","type":"post","link":"https:\/\/elcafedepipa.com\/index.php\/2025\/12\/16\/laugment-de-visitants-impulsa-lampliacio-de-la-tourist-info-de-sant-josep\/","title":{"rendered":"L\u2019augment de visitants impulsa l\u2019ampliaci\u00f3 de la Tourist Info de Sant Josep"},"content":{"rendered":"\n<p>La millora de les instal\u00b7lacions respon a l\u2019increment d\u2019atencions, que passen de 7.500 en 2022 a m\u00e9s de 20.000 previstes enguany<\/p>\n\n\n\n<p>L\u2019Ajuntament de la Vall d\u2019Uix\u00f3, a trav\u00e9s de l\u2019empresa p\u00fablica Emsevall, ha dut a terme l\u2019ampliaci\u00f3 de l\u2019oficina d\u2019informaci\u00f3 tur\u00edstica situada al paratge de Sant Josep. Aquesta actuaci\u00f3 s\u2019emmarca dins de l\u2019estrat\u00e8gia municipal de professionalitzaci\u00f3 del servei, orientada a oferir informaci\u00f3 de qualitat i una atenci\u00f3 m\u00e9s personalitzada a turistes i visitants.<\/p>\n\n\n\n<p>El regidor de Turisme, Javier Ferreres, ha visitat hui les instal\u00b7lacions i ha destacat que aquesta millora \u201crespon al creixement sostingut de visitants i a la necessitat d\u2019oferir un servei a l\u2019altura d\u2019un dest\u00ed com Sant Josep, amb una atenci\u00f3 m\u00e9s c\u00f2moda, ordenada i eficient\u201d. La inversi\u00f3 destinada a l\u2019ampliaci\u00f3 ascendeix a 25.152,03 euros i permet millorar tant l\u2019atenci\u00f3 al p\u00fablic com les condicions laborals del personal informador.<\/p>\n\n\n\n<p>L\u2019actuaci\u00f3 ve motivada per l\u2019augment progressiu d\u2019usuaris i visitants: de 7.500 atencions en 2022 s\u2019ha passat a una previsi\u00f3 de m\u00e9s de 20.000 en l\u2019exercici actual. \u201cCada vegada s\u00f3n m\u00e9s les persones que ens demanen informaci\u00f3, orientaci\u00f3 i propostes per a gaudir de la Vall d\u2019Uix\u00f3, i aix\u00f2 exigeix recursos, espai i un equip preparat\u201d, ha assenyalat Ferreres.<\/p>\n\n\n\n<p>En els \u00faltims anys s\u2019ha incrementat el nombre d\u2019informadores tur\u00edstiques, fet que ha perm\u00e9s ampliar els serveis m\u00e9s enll\u00e0 de l\u2019atenci\u00f3 directa al visitant. L\u2019equip realitza visites guiades a enclavaments destacats com el Poblat Ib\u00e8ric i el nucli urb\u00e0, i gestiona eines de recollida de dades, aix\u00ed com les xarxes socials de Turisme.<\/p>\n\n\n\n<p>A m\u00e9s, mant\u00e9 una coordinaci\u00f3 activa amb el comer\u00e7 i l\u2019hostaleria local per a difondre informaci\u00f3 sobre esdeveniments i serveis, i col\u00b7labora amb associacions culturals i festives en la promoci\u00f3 d\u2019activitats a escala local i auton\u00f2mica. En aquest sentit, l\u2019oficina de turisme treballa en xarxa amb m\u00e9s de 200 punts Tourist Info de tota la Comunitat Valenciana, actuant com a altaveu del calendari cultural i festiu de la Vall d\u2019Uix\u00f3.<\/p>\n\n\n\n<p>La integraci\u00f3 de l\u2019oficina en la Xarxa Tourist Info ha perm\u00e9s que Turisme Comunitat Valenciana assumisca la dotaci\u00f3 d\u2019equipament, mobiliari i elements de decoraci\u00f3, garantint la imatge corporativa de la xarxa i uns elevats est\u00e0ndards de qualitat i confort tant per als usuaris com per al personal. A m\u00e9s, s\u2019ha habilitat un punt espec\u00edfic d\u2019informaci\u00f3 i atenci\u00f3 per a persones amb diversitat funcional.<\/p>\n\n\n\n<p><strong>Millora de l\u2019entorn<\/strong><\/p>\n\n\n\n<p>Actualment s\u2019estan executant obres de millora i renaturalitzaci\u00f3 al p\u00e0rquing del paratge de Sant Josep, on se situa l\u2019oficina tur\u00edstica. Aquestes actuacions, finan\u00e7ades amb fons europeus Next Generation en el marc del PSTD, est\u00e0 previst que finalitzen durant el primer trimestre de 2026.<\/p>\n\n\n\n<p>D\u2019altra banda, l\u2019Ajuntament preveu ampliar el servei d\u2019atenci\u00f3 tur\u00edstica amb l\u2019obertura d\u2019un nou punt a la torre de Benissahat, amb l\u2019objectiu d\u2019atendre la creixent demanda de visitants al nucli urb\u00e0. Aquest espai permetr\u00e0 posar en valor elements patrimonials com la mateixa torre, refor\u00e7ar el recorregut del Cam\u00ed de l\u2019Aigua i acompanyar la pr\u00f2xima obertura del Museu Arqueol\u00f2gic Municipal a la F\u00e0brica de la Llum i del Poblat de Sant Josep.<\/p>\n\n\n\n<p><\/p>\n","protected":false},"excerpt":{"rendered":"<p>La millora de les instal\u00b7lacions respon a l\u2019increment d\u2019atencions, que passen de 7.500 en 2022 a m\u00e9s de 20.000 previstes enguany L\u2019Ajuntament de la Vall d\u2019Uix\u00f3, a trav\u00e9s de l\u2019empresa p\u00fablica Emsevall, ha dut a terme l\u2019ampliaci\u00f3 de l\u2019oficina d\u2019informaci\u00f3 tur\u00edstica situada al paratge de Sant Josep. Aquesta actuaci\u00f3 s\u2019emmarca dins de l\u2019estrat\u00e8gia municipal de &#8230; <a title=\"L\u2019augment de visitants impulsa l\u2019ampliaci\u00f3 de la Tourist Info de Sant Josep\" class=\"read-more\" href=\"https:\/\/elcafedepipa.com\/index.php\/2025\/12\/16\/laugment-de-visitants-impulsa-lampliacio-de-la-tourist-info-de-sant-josep\/\" aria-label=\"M\u00e9s informaci\u00f3 sobre L\u2019augment de visitants impulsa l\u2019ampliaci\u00f3 de la Tourist Info de Sant Josep\">Read more<\/a><\/p>\n","protected":false},"author":2,"featured_media":20145,"comment_status":"closed","ping_status":"closed","sticky":false,"template":"","format":"standard","meta":{"om_disable_all_campaigns":false,"_monsterinsights_skip_tracking":false,"_monsterinsights_sitenote_active":false,"_monsterinsights_sitenote_note":"","_monsterinsights_sitenote_category":0,"_uf_show_specific_survey":0,"_uf_disable_surveys":false,"footnotes":""},"categories":[2],"tags":[],"class_list":["post-20144","post","type-post","status-publish","format-standard","has-post-thumbnail","hentry","category-lavallduixo"],"_links":{"self":[{"href":"https:\/\/elcafedepipa.com\/index.php\/wp-json\/wp\/v2\/posts\/20144","targetHints":{"allow":["GET"]}}],"collection":[{"href":"https:\/\/elcafedepipa.com\/index.php\/wp-json\/wp\/v2\/posts"}],"about":[{"href":"https:\/\/elcafedepipa.com\/index.php\/wp-json\/wp\/v2\/types\/post"}],"author":[{"embeddable":true,"href":"https:\/\/elcafedepipa.com\/index.php\/wp-json\/wp\/v2\/users\/2"}],"replies":[{"embeddable":true,"href":"https:\/\/elcafedepipa.com\/index.php\/wp-json\/wp\/v2\/comments?post=20144"}],"version-history":[{"count":1,"href":"https:\/\/elcafedepipa.com\/index.php\/wp-json\/wp\/v2\/posts\/20144\/revisions"}],"predecessor-version":[{"id":20146,"href":"https:\/\/elcafedepipa.com\/index.php\/wp-json\/wp\/v2\/posts\/20144\/revisions\/20146"}],"wp:featuredmedia":[{"embeddable":true,"href":"https:\/\/elcafedepipa.com\/index.php\/wp-json\/wp\/v2\/media\/20145"}],"wp:attachment":[{"href":"https:\/\/elcafedepipa.com\/index.php\/wp-json\/wp\/v2\/media?parent=20144"}],"wp:term":[{"taxonomy":"category","embeddable":true,"href":"https:\/\/elcafedepipa.com\/index.php\/wp-json\/wp\/v2\/categories?post=20144"},{"taxonomy":"post_tag","embeddable":true,"href":"https:\/\/elcafedepipa.com\/index.php\/wp-json\/wp\/v2\/tags?post=20144"}],"curies":[{"name":"wp","href":"https:\/\/api.w.org\/{rel}","templated":true}]}}