{"id":20141,"date":"2025-12-16T13:37:19","date_gmt":"2025-12-16T12:37:19","guid":{"rendered":"https:\/\/elcafedepipa.com\/?p=20141"},"modified":"2025-12-16T13:37:21","modified_gmt":"2025-12-16T12:37:21","slug":"laura-chulia-el-pspv-ha-dexplicar-si-leire-diez-va-cobrar-comissions-per-la-compra-de-ledifici-de-correus-per-24-milions-deuros","status":"publish","type":"post","link":"https:\/\/elcafedepipa.com\/index.php\/2025\/12\/16\/laura-chulia-el-pspv-ha-dexplicar-si-leire-diez-va-cobrar-comissions-per-la-compra-de-ledifici-de-correus-per-24-milions-deuros\/","title":{"rendered":"Laura Chuli\u00e0: \u201cEl PSPV ha d\u2019explicar si Leire D\u00edez va cobrar comissions per la compra de l\u2019edifici de Correus per 24 milions d\u2019euros\u201d"},"content":{"rendered":"\n<p>\u00b7 La portaveu adjunta del Grup Popular a Les Corts recomana als socialistes valencians \u201cfer neteja interna per a saber fins on arriba la corrupci\u00f3 en el seu partit en la seua ramificaci\u00f3 valenciana\u201d<\/p>\n\n\n\n<p>\u00b7 \u201cTot \u00e9s sospit\u00f3s en l\u2019operaci\u00f3 de compra de l\u2019edifici de Correus per part del Bot\u00e0nic\u201d<\/p>\n\n\n\n<p> La portaveu adjunta del Grup Popular a Les Corts, Laura Chuli\u00e0, ha assenyalat que \u201cel PSPV ha d\u2019explicar si D\u00edez es va emportar comissions per la compra de l\u2019edifici de Correus per 24 milions d\u2019euros\u201d.<\/p>\n\n\n\n<p>Chuli\u00e0 ha afirmat que \u201cels socialistes valencians, m\u00e9s enll\u00e0 de continuar inflant la bambolla de S\u00e1nchez, haurien de preocupar-se de fer neteja interna, de saber fins on arriba la corrupci\u00f3 en el seu partit en la seua ramificaci\u00f3 valenciana, tant interna com externament\u201d.<\/p>\n\n\n\n<p>La portaveu popular ha indicat que \u201chan de donar explicacions sobre si la fontanera del PSOE, Leire D\u00edez, ha obtingut algun tipus de comissi\u00f3 o privilegi en aquella compra que va fer el Govern de Ximo Puig de l\u2019edifici de Correus, pagant 24 milions d\u2019euros amb fons que haurien d\u2019haver anat destinats a all\u00f2 que no van fer: habitatge i col\u00b7legis p\u00fablics, ja que Leire D\u00edez oferia immobles de la SEPI, com els edificis de Correus, a canvi de comissions\u201d.<\/p>\n\n\n\n<p>\u201cPareix que la compra de l\u2019edifici de Correus a Val\u00e8ncia per part del Bot\u00e0nic va ser m\u00e9s b\u00e9 una operaci\u00f3 muntada entre amics de l\u2019administraci\u00f3 socialista amb diners d\u2019altres partides. Tot \u00e9s sospit\u00f3s i alg\u00fa ha d\u2019eixir a donar explicacions. Van aprovar la compra d\u2019un palauet per 24 milions d\u2019euros sense tindre pr\u00e8viament l\u2019informe per al vistiplau corresponent, \u00e9s a dir, que ja tenien pactada eixa compra sense saber tan sols quin era el seu valor\u201d, ha afegit.<\/p>\n\n\n\n<p>En aquest sentit, Chuli\u00e0 ha recordat que \u201cl\u2019Ag\u00e8ncia Tribut\u00e0ria ja est\u00e0 investigant aquesta operaci\u00f3 d\u2019adquisici\u00f3 m\u00e9s que sospitosa\u201d.<\/p>\n\n\n\n<p>Pel que fa a la reuni\u00f3 de dem\u00e0 entre S\u00e1nchez i P\u00e9rez Llorca, la diputada popular ha assenyalat que \u201cel president de la Generalitat acudeix a la Moncloa a defensar els interessos dels valencians i a plantejar la necessitat d\u2019una major coordinaci\u00f3 i treball conjunt de totes les administracions p\u00fabliques, en un moment en qu\u00e8 la Comunitat Valenciana ho necessita m\u00e9s que mai\u201d. Aix\u00ed mateix, ha reclamat \u201cque es respecte l\u2019autogovern de la nostra terra, com amb la llei de costes que ha recorregut el Govern, o el pacte de l\u2019aigua que tant necessita el nostre sector primari\u201d.<\/p>\n","protected":false},"excerpt":{"rendered":"<p>\u00b7 La portaveu adjunta del Grup Popular a Les Corts recomana als socialistes valencians \u201cfer neteja interna per a saber fins on arriba la corrupci\u00f3 en el seu partit en la seua ramificaci\u00f3 valenciana\u201d \u00b7 \u201cTot \u00e9s sospit\u00f3s en l\u2019operaci\u00f3 de compra de l\u2019edifici de Correus per part del Bot\u00e0nic\u201d La portaveu adjunta del Grup &#8230; <a title=\"Laura Chuli\u00e0: \u201cEl PSPV ha d\u2019explicar si Leire D\u00edez va cobrar comissions per la compra de l\u2019edifici de Correus per 24 milions d\u2019euros\u201d\" class=\"read-more\" href=\"https:\/\/elcafedepipa.com\/index.php\/2025\/12\/16\/laura-chulia-el-pspv-ha-dexplicar-si-leire-diez-va-cobrar-comissions-per-la-compra-de-ledifici-de-correus-per-24-milions-deuros\/\" aria-label=\"M\u00e9s informaci\u00f3 sobre Laura Chuli\u00e0: \u201cEl PSPV ha d\u2019explicar si Leire D\u00edez va cobrar comissions per la compra de l\u2019edifici de Correus per 24 milions d\u2019euros\u201d\">Read more<\/a><\/p>\n","protected":false},"author":2,"featured_media":20142,"comment_status":"closed","ping_status":"closed","sticky":false,"template":"","format":"standard","meta":{"om_disable_all_campaigns":false,"_monsterinsights_skip_tracking":false,"_monsterinsights_sitenote_active":false,"_monsterinsights_sitenote_note":"","_monsterinsights_sitenote_category":0,"_uf_show_specific_survey":0,"_uf_disable_surveys":false,"footnotes":""},"categories":[11],"tags":[],"class_list":["post-20141","post","type-post","status-publish","format-standard","has-post-thumbnail","hentry","category-comunitatvalenciana"],"_links":{"self":[{"href":"https:\/\/elcafedepipa.com\/index.php\/wp-json\/wp\/v2\/posts\/20141","targetHints":{"allow":["GET"]}}],"collection":[{"href":"https:\/\/elcafedepipa.com\/index.php\/wp-json\/wp\/v2\/posts"}],"about":[{"href":"https:\/\/elcafedepipa.com\/index.php\/wp-json\/wp\/v2\/types\/post"}],"author":[{"embeddable":true,"href":"https:\/\/elcafedepipa.com\/index.php\/wp-json\/wp\/v2\/users\/2"}],"replies":[{"embeddable":true,"href":"https:\/\/elcafedepipa.com\/index.php\/wp-json\/wp\/v2\/comments?post=20141"}],"version-history":[{"count":1,"href":"https:\/\/elcafedepipa.com\/index.php\/wp-json\/wp\/v2\/posts\/20141\/revisions"}],"predecessor-version":[{"id":20143,"href":"https:\/\/elcafedepipa.com\/index.php\/wp-json\/wp\/v2\/posts\/20141\/revisions\/20143"}],"wp:featuredmedia":[{"embeddable":true,"href":"https:\/\/elcafedepipa.com\/index.php\/wp-json\/wp\/v2\/media\/20142"}],"wp:attachment":[{"href":"https:\/\/elcafedepipa.com\/index.php\/wp-json\/wp\/v2\/media?parent=20141"}],"wp:term":[{"taxonomy":"category","embeddable":true,"href":"https:\/\/elcafedepipa.com\/index.php\/wp-json\/wp\/v2\/categories?post=20141"},{"taxonomy":"post_tag","embeddable":true,"href":"https:\/\/elcafedepipa.com\/index.php\/wp-json\/wp\/v2\/tags?post=20141"}],"curies":[{"name":"wp","href":"https:\/\/api.w.org\/{rel}","templated":true}]}}