{"id":20137,"date":"2025-12-16T13:34:54","date_gmt":"2025-12-16T12:34:54","guid":{"rendered":"https:\/\/elcafedepipa.com\/?p=20137"},"modified":"2025-12-16T13:34:55","modified_gmt":"2025-12-16T12:34:55","slug":"el-pp-acusa-morant-de-fallades-en-la-supervisio-i-el-control-al-cnio-la-ministra-coneixia-les-alertes-internes-i-no-va-actuar","status":"publish","type":"post","link":"https:\/\/elcafedepipa.com\/index.php\/2025\/12\/16\/el-pp-acusa-morant-de-fallades-en-la-supervisio-i-el-control-al-cnio-la-ministra-coneixia-les-alertes-internes-i-no-va-actuar\/","title":{"rendered":"El PP acusa Morant de fallades en la supervisi\u00f3 i el control al CNIO: \u201cLa ministra coneixia les alertes internes i no va actuar\u201d"},"content":{"rendered":"\n<p>Elena Castillo defensa que la iniciativa pret\u00e9n \u201crestaurar la credibilitat institucional del CNIO, garantir la integritat dels fons p\u00fablics i deixar clar que la investigaci\u00f3 contra el c\u00e0ncer no es pot gestionar ni des de l\u2019opacitat ni des de la irresponsabilitat\u201d<\/p>\n\n\n\n<p>\u00b7 <strong>Dolores Esteve:<\/strong> \u201cCada euro que no s\u2019orienta amb rigor a la missi\u00f3 cient\u00edfica \u00e9s un euro que retarda resultats. I en c\u00e0ncer, retardar la investigaci\u00f3 significa arribar m\u00e9s tard a diagn\u00f2stics, ter\u00e0pies i prevenci\u00f3\u201d<\/p>\n\n\n\n<p>\u00b7 El Senat donar\u00e0 llum verda a una moci\u00f3 conseq\u00fc\u00e8ncia d\u2019interpel\u00b7laci\u00f3 del Grup Parlamentari Popular al Senat, en la qual s\u2019exigeixen mesures de control al Centre Nacional d\u2019Investigacions Oncol\u00f2giques (CNIO) davant els esc\u00e0ndols acumulats.<\/p>\n\n\n\n<p>\u00b7 Les senadores Elena Castillo i Dolores Esteve acusen la ministra de Ci\u00e8ncia, Innovaci\u00f3 i Universitats, Diana Morant, de fallades prolongades en la supervisi\u00f3 i el control en una instituci\u00f3 tan rellevant.<\/p>\n\n\n\n<p>\u00b7 Castillo denuncia que \u201cla ministra coneixia sobradament durant mesos les alertes internes, les den\u00fancies i els senyals evidents de deteriorament institucional i no hi va haver una actuaci\u00f3 efica\u00e7 per la seua part\u201d.<\/p>\n\n\n\n<p>\u00b7 Per aix\u00f2, la portaveu de Ci\u00e8ncia del GPP al\u00e7a la veu per a exigir \u201cclaredat, responsabilitat i una gesti\u00f3 a l\u2019altura del que la societat espanyola espera\u201d, al mateix temps que reclama \u201crigor i transpar\u00e8ncia\u201d en la gesti\u00f3 dels fons p\u00fablics.<\/p>\n\n\n\n<p>\u00b7 La senadora per Cant\u00e0bria remarca que la iniciativa del seu Grup pret\u00e9n \u201crestaurar la credibilitat institucional, garantir la integritat dels fons p\u00fablics i deixar clar que la investigaci\u00f3 contra el c\u00e0ncer no es pot gestionar ni des de l\u2019opacitat ni des de la irresponsabilitat\u201d.<\/p>\n\n\n\n<p>\u00b7 Al seu parer, els esc\u00e0ndols del CNIO no s\u00f3n un \u201cfet a\u00efllat\u201d, sin\u00f3 \u201cuna conseq\u00fc\u00e8ncia directa de la manera de governar del PSOE, en qu\u00e8 el discurs substitueix la responsabilitat i la propaganda tapa els problemes reals\u201d.<\/p>\n\n\n\n<p>\u00b7 Aix\u00ed, es dirigeix a la bancada socialista per a preguntar-los que, si no s\u00f3n capa\u00e7os d\u2019escoltar les dones que denuncien abusos, \u201ccom escoltaran els investigadors o els universitaris d\u2019aquest pa\u00eds\u201d.<\/p>\n\n\n\n<p>\u00b7 \u201cEl silenci, la inacci\u00f3 i la negativa a intervenir no s\u00f3n neutralitat, s\u00f3n una forma de complicitat. I en la ci\u00e8ncia, en la igualtat i en la defensa de les institucions p\u00fabliques, mirar cap a un altre costat tamb\u00e9 \u00e9s una decisi\u00f3 pol\u00edtica\u201d, incideix la senadora popular.<\/p>\n\n\n\n<p>\u00b7 Abans de concloure, Castillo adverteix que \u201ccada euro mal gestionat no \u00e9s nom\u00e9s una xifra, \u00e9s una oportunitat perduda per a la ci\u00e8ncia. \u00c9s un avan\u00e7 que no arriba i \u00e9s una ruptura de la confian\u00e7a p\u00fablica\u201d.<\/p>\n\n\n\n<hr class=\"wp-block-separator has-alpha-channel-opacity\"\/>\n\n\n\n<h3 class=\"wp-block-heading\"><strong>LES FALLES AL CNIO LES PAGUEN ELS PACIENTS<\/strong><\/h3>\n\n\n\n<p>\u00b7 Per la seua banda, Dolores Esteve adverteix que, si no s\u2019actua amb \u201crigor\u201d, el cost el pateixen els pacients, ja que \u201ccada euro que no s\u2019orienta amb rigor a la missi\u00f3 cient\u00edfica \u00e9s un euro que retarda resultats. I en c\u00e0ncer, retardar la investigaci\u00f3 significa arribar m\u00e9s tard a diagn\u00f2stics, ter\u00e0pies i prevenci\u00f3\u201d.<\/p>\n\n\n\n<p>\u00b7 Recorda que, tot i els diferents informes que advertien de les irregularitats que s\u2019estaven produint, l\u2019actuaci\u00f3 de la ministra Morant va ser \u201cno vigilar\u201d.<\/p>\n\n\n\n<p>\u00b7 Per aix\u00f2, lamenta que una de les conseq\u00fc\u00e8ncies al CNIO \u2014\u201cque va arribar a ser considerat el principal centre d\u2019investigaci\u00f3 del c\u00e0ncer d\u2019Europa, atraient cient\u00edfics molt reconeguts\u201d\u2014 siga \u201cperdre programes, xarxes i finan\u00e7ament competitiu\u201d.<\/p>\n\n\n\n<p>\u00b7 En aquest context, la senadora per Alacant constata que ja han eixit entre 10 i 15 especialistes de perfil molt s\u00e8nior. Un fet que, al seu entendre, t\u00e9 \u201cun efecte d\u00f2mino\u201d, ja que suposa \u201cmenys m\u00fascul cient\u00edfic, menys competitivitat i menys \u00e8xits\u201d.<\/p>\n\n\n\n<p>\u00b7 Abans de concloure, Esteve avisa que \u201cquan es publiquen informacions sobre irregularitats, es ressent la confian\u00e7a i cauen els suports dels donants\u201d, al mateix temps que alerta que \u201chui el CNIO es troba en una situaci\u00f3 d\u2019incertesa jur\u00eddica, institucional i reputacional\u201d.<\/p>\n","protected":false},"excerpt":{"rendered":"<p>Elena Castillo defensa que la iniciativa pret\u00e9n \u201crestaurar la credibilitat institucional del CNIO, garantir la integritat dels fons p\u00fablics i deixar clar que la investigaci\u00f3 contra el c\u00e0ncer no es pot gestionar ni des de l\u2019opacitat ni des de la irresponsabilitat\u201d \u00b7 Dolores Esteve: \u201cCada euro que no s\u2019orienta amb rigor a la missi\u00f3 cient\u00edfica &#8230; <a title=\"El PP acusa Morant de fallades en la supervisi\u00f3 i el control al CNIO: \u201cLa ministra coneixia les alertes internes i no va actuar\u201d\" class=\"read-more\" href=\"https:\/\/elcafedepipa.com\/index.php\/2025\/12\/16\/el-pp-acusa-morant-de-fallades-en-la-supervisio-i-el-control-al-cnio-la-ministra-coneixia-les-alertes-internes-i-no-va-actuar\/\" aria-label=\"M\u00e9s informaci\u00f3 sobre El PP acusa Morant de fallades en la supervisi\u00f3 i el control al CNIO: \u201cLa ministra coneixia les alertes internes i no va actuar\u201d\">Read more<\/a><\/p>\n","protected":false},"author":2,"featured_media":20139,"comment_status":"closed","ping_status":"closed","sticky":false,"template":"","format":"standard","meta":{"om_disable_all_campaigns":false,"_monsterinsights_skip_tracking":false,"_monsterinsights_sitenote_active":false,"_monsterinsights_sitenote_note":"","_monsterinsights_sitenote_category":0,"_uf_show_specific_survey":0,"_uf_disable_surveys":false,"footnotes":""},"categories":[11],"tags":[],"class_list":["post-20137","post","type-post","status-publish","format-standard","has-post-thumbnail","hentry","category-comunitatvalenciana"],"_links":{"self":[{"href":"https:\/\/elcafedepipa.com\/index.php\/wp-json\/wp\/v2\/posts\/20137","targetHints":{"allow":["GET"]}}],"collection":[{"href":"https:\/\/elcafedepipa.com\/index.php\/wp-json\/wp\/v2\/posts"}],"about":[{"href":"https:\/\/elcafedepipa.com\/index.php\/wp-json\/wp\/v2\/types\/post"}],"author":[{"embeddable":true,"href":"https:\/\/elcafedepipa.com\/index.php\/wp-json\/wp\/v2\/users\/2"}],"replies":[{"embeddable":true,"href":"https:\/\/elcafedepipa.com\/index.php\/wp-json\/wp\/v2\/comments?post=20137"}],"version-history":[{"count":1,"href":"https:\/\/elcafedepipa.com\/index.php\/wp-json\/wp\/v2\/posts\/20137\/revisions"}],"predecessor-version":[{"id":20140,"href":"https:\/\/elcafedepipa.com\/index.php\/wp-json\/wp\/v2\/posts\/20137\/revisions\/20140"}],"wp:featuredmedia":[{"embeddable":true,"href":"https:\/\/elcafedepipa.com\/index.php\/wp-json\/wp\/v2\/media\/20139"}],"wp:attachment":[{"href":"https:\/\/elcafedepipa.com\/index.php\/wp-json\/wp\/v2\/media?parent=20137"}],"wp:term":[{"taxonomy":"category","embeddable":true,"href":"https:\/\/elcafedepipa.com\/index.php\/wp-json\/wp\/v2\/categories?post=20137"},{"taxonomy":"post_tag","embeddable":true,"href":"https:\/\/elcafedepipa.com\/index.php\/wp-json\/wp\/v2\/tags?post=20137"}],"curies":[{"name":"wp","href":"https:\/\/api.w.org\/{rel}","templated":true}]}}