{"id":20134,"date":"2025-12-16T12:51:35","date_gmt":"2025-12-16T11:51:35","guid":{"rendered":"https:\/\/elcafedepipa.com\/?p=20134"},"modified":"2025-12-16T12:51:36","modified_gmt":"2025-12-16T11:51:36","slug":"linterior-de-castello-reforca-les-seues-oportunitats-amb-105-milions-deuros-que-marta-barrachina-injecta-a-camins-i-carreteres","status":"publish","type":"post","link":"https:\/\/elcafedepipa.com\/index.php\/2025\/12\/16\/linterior-de-castello-reforca-les-seues-oportunitats-amb-105-milions-deuros-que-marta-barrachina-injecta-a-camins-i-carreteres\/","title":{"rendered":"L&#8217;interior de Castell\u00f3 refor\u00e7a les seues oportunitats amb 10,5 milions d&#8217;euros que Marta Barrachina injecta a camins i carreteres"},"content":{"rendered":"\n<p>La Diputaci\u00f3 de Castell\u00f3 \u201cva deixar de servir al PSOE per a servir als castellonencs. I en tres anys la paraula de Marta Barrachina ha perm\u00e9s que 10,5 milions d&#8217;euros s&#8217;invertisquen de mitjana anual en camins i carreteres, refor\u00e7ant les oportunitats d&#8217;un m\u00f3n rural i augmentant la seguretat en les carreteres provincials\u201d.<\/p>\n\n\n\n<p>Aix\u00ed ho ha declarat el vicesecretari de Desenrotllament Sostenible del PPCS, Vicente Tejedo, qui ha posat en valor \u201cun canvi de cicle que els castellonencs van reclamar en les urnes i que hui es tradu\u00efx en beneficis, benestar i emprenedoria per a tots els ciutadans\u201d.<\/p>\n\n\n\n<p>Per a aconseguir-ho, \u201cels compromisos s&#8217;han tradu\u00eft en fets. Si en quatre anys de govern el PSOE es va limitar a invertir 7,3 milions d&#8217;euros de mitjana en carreteres i camins rurals, el PP ha superat els 10,5 milions d&#8217;euros de mitjana en cada un dels seus anys de gesti\u00f3\u201d. Aix\u00ed \u00e9s com s&#8217;ha aconseguit millorar m\u00e9s de 1.200 quil\u00f2metres de camins rurals en m\u00e9s de 120 localitats i s&#8217;ha actuat en desenes de carreteres per a donar el servici que mereixen tots els castellonencs, independentment d&#8217;on hagen decidit fixar la seua llar\u201d.<\/p>\n\n\n\n<p>I per a Tejedo, \u201ccom per als nostres ciutadans, l&#8217;important \u00e9s que ara la pol\u00edtica que gestiona la Diputaci\u00f3 no fa propaganda, sin\u00f3 que complix. Recuperem all\u00f2 que uns altres van abandonar\u201d, afirma.<\/p>\n\n\n\n<p>En mat\u00e8ria de carreteres, s&#8217;ha incrementat un 41,5% la inversi\u00f3, passant de 6,47 milions de mitjana anual amb el PSOE als 9,16 milions de mitjana anual amb el PP. En mat\u00e8ria de camins, la difer\u00e8ncia percentual d&#8217;un 55,2% \u00e9s cridanera. Enfront dels 909.083 euros de mitjana anual d&#8217;inversi\u00f3 durant l&#8217;etapa del socialisme, s\u00f3n 1,41 milions de mitjana els que el PP ha invertit en els seus anys de gesti\u00f3.<\/p>\n\n\n\n<p><strong>Cr\u00e9ixer i millorar la seguretat<\/strong><\/p>\n\n\n\n<p>L&#8217;increment en els fons destinats als dos objectius permet hui que la prov\u00edncia de Castell\u00f3 haja millorat de manera ostensible les comunicacions que la connecten. \u201cEn el cas de les carreteres, s\u00f3n 2,68 milions de m\u00e9s que cada any permeten a la nostra prov\u00edncia millorar la seguretat, connectar i generar oportunitats. En el cas dels camins, m\u00e9s de 502.538 euros\u201d.<\/p>\n\n\n\n<p>\u201cM\u00e9s inversi\u00f3 per a generar m\u00e9s desenrotllament\u201d, perqu\u00e8 tal com relata Tejedo, \u201cd&#8217;aix\u00f2 es tracta, d&#8217;incrementar les oportunitats, generar emprenedoria, deslocalitzar i convertir al m\u00f3n rural en el millor dest\u00ed en el qual invertir, en el qual viure i en el qual emprar-se. Amb qualitat de vida i desenrotllament per a continuar fent l\u00edder a esta prov\u00edncia que somriu amb les pol\u00edtiques de Marta Barrachina\u201d, ha concl\u00f2s el vicesecretari del PPCS.<\/p>\n","protected":false},"excerpt":{"rendered":"<p>La Diputaci\u00f3 de Castell\u00f3 \u201cva deixar de servir al PSOE per a servir als castellonencs. I en tres anys la paraula de Marta Barrachina ha perm\u00e9s que 10,5 milions d&#8217;euros s&#8217;invertisquen de mitjana anual en camins i carreteres, refor\u00e7ant les oportunitats d&#8217;un m\u00f3n rural i augmentant la seguretat en les carreteres provincials\u201d. Aix\u00ed ho ha &#8230; <a title=\"L&#8217;interior de Castell\u00f3 refor\u00e7a les seues oportunitats amb 10,5 milions d&#8217;euros que Marta Barrachina injecta a camins i carreteres\" class=\"read-more\" href=\"https:\/\/elcafedepipa.com\/index.php\/2025\/12\/16\/linterior-de-castello-reforca-les-seues-oportunitats-amb-105-milions-deuros-que-marta-barrachina-injecta-a-camins-i-carreteres\/\" aria-label=\"M\u00e9s informaci\u00f3 sobre L&#8217;interior de Castell\u00f3 refor\u00e7a les seues oportunitats amb 10,5 milions d&#8217;euros que Marta Barrachina injecta a camins i carreteres\">Read more<\/a><\/p>\n","protected":false},"author":2,"featured_media":20135,"comment_status":"closed","ping_status":"closed","sticky":false,"template":"","format":"standard","meta":{"om_disable_all_campaigns":false,"_monsterinsights_skip_tracking":false,"_monsterinsights_sitenote_active":false,"_monsterinsights_sitenote_note":"","_monsterinsights_sitenote_category":0,"_uf_show_specific_survey":0,"_uf_disable_surveys":false,"footnotes":""},"categories":[11],"tags":[],"class_list":["post-20134","post","type-post","status-publish","format-standard","has-post-thumbnail","hentry","category-comunitatvalenciana"],"_links":{"self":[{"href":"https:\/\/elcafedepipa.com\/index.php\/wp-json\/wp\/v2\/posts\/20134","targetHints":{"allow":["GET"]}}],"collection":[{"href":"https:\/\/elcafedepipa.com\/index.php\/wp-json\/wp\/v2\/posts"}],"about":[{"href":"https:\/\/elcafedepipa.com\/index.php\/wp-json\/wp\/v2\/types\/post"}],"author":[{"embeddable":true,"href":"https:\/\/elcafedepipa.com\/index.php\/wp-json\/wp\/v2\/users\/2"}],"replies":[{"embeddable":true,"href":"https:\/\/elcafedepipa.com\/index.php\/wp-json\/wp\/v2\/comments?post=20134"}],"version-history":[{"count":1,"href":"https:\/\/elcafedepipa.com\/index.php\/wp-json\/wp\/v2\/posts\/20134\/revisions"}],"predecessor-version":[{"id":20136,"href":"https:\/\/elcafedepipa.com\/index.php\/wp-json\/wp\/v2\/posts\/20134\/revisions\/20136"}],"wp:featuredmedia":[{"embeddable":true,"href":"https:\/\/elcafedepipa.com\/index.php\/wp-json\/wp\/v2\/media\/20135"}],"wp:attachment":[{"href":"https:\/\/elcafedepipa.com\/index.php\/wp-json\/wp\/v2\/media?parent=20134"}],"wp:term":[{"taxonomy":"category","embeddable":true,"href":"https:\/\/elcafedepipa.com\/index.php\/wp-json\/wp\/v2\/categories?post=20134"},{"taxonomy":"post_tag","embeddable":true,"href":"https:\/\/elcafedepipa.com\/index.php\/wp-json\/wp\/v2\/tags?post=20134"}],"curies":[{"name":"wp","href":"https:\/\/api.w.org\/{rel}","templated":true}]}}