{"id":20115,"date":"2025-12-16T09:50:32","date_gmt":"2025-12-16T08:50:32","guid":{"rendered":"https:\/\/elcafedepipa.com\/?p=20115"},"modified":"2025-12-16T09:50:33","modified_gmt":"2025-12-16T08:50:33","slug":"les-inversions-a-moncofa-disparen-el-pressupost-fins-als-185-milions-deuros","status":"publish","type":"post","link":"https:\/\/elcafedepipa.com\/index.php\/2025\/12\/16\/les-inversions-a-moncofa-disparen-el-pressupost-fins-als-185-milions-deuros\/","title":{"rendered":"Les inversions a Moncofa disparen el pressupost fins als 18,5 milions d\u2019euros"},"content":{"rendered":"\n<p>\u2022 El trinquet, la peonalitzaci\u00f3 de la pla\u00e7a de la Constituci\u00f3 i el Belcaire Sud, projectes estrella del pressupost de 2026 \u2022 \u201cAquestes inversions, unides a l\u2019IES Palafangues i a l\u2019ampliaci\u00f3 de l\u2019ambulatori, transformaran el municipi\u201d, afirma Wences Al\u00f3s Valls<\/p>\n\n\n\n<p>Moncofa ja ha fixat la data per a la votaci\u00f3 del pressupost de 2026, que ser\u00e0 el dimarts que ve 23 de desembre i que ascendeix a 18.552.091,76 euros.<\/p>\n\n\n\n<p>Arrere queden els anys d&#8217;austeritat, en qu\u00e8 els impostos dels ve\u00efns i ve\u00efnes de Moncofa s&#8217;havien de destinar a pagar l&#8217;her\u00e8ncia enverinada que va deixar la mala gesti\u00f3 del per\u00edode del boom urban\u00edstic. Anys en qu\u00e8 s&#8217;ingressaven ingents quantitats de diners, per\u00f2 que van acabar amb un municipi hiperendeutat.<\/p>\n\n\n\n<p>Si l&#8217;any passat ja es van evidenciar inversions en noves infraestructures municipals \u2014com la carpa polivalent, l&#8217;Espai Jove o l&#8217;ampliaci\u00f3 del poliesportiu\u2014, enguany continuen les obres. En el pressupost municipal apareixen partides destinades a la construcci\u00f3 del trinquet municipal, que inclou dos frontons; la conversi\u00f3 en zona de vianants de la pla\u00e7a de la Constituci\u00f3, i els cl\u00e0ssics Belcaire Sud i el Pla director de clavegueram.<\/p>\n\n\n\n<p>L&#8217;alcalde de la localitat, Wences Al\u00f3s Valls, assegura que \u201caquestes inversions, unides a l&#8217;IES Palafangues i a l&#8217;ampliaci\u00f3 de l&#8217;ambulatori, transformaran el nostre municipi\u201d, i afirma que continuaran tocant a totes les portes possibles perqu\u00e8 arriben nous projectes sense cost afegit per a les arques municipals.<\/p>\n\n\n\n<p>L&#8217;equip de Govern va mantindre dijous passat una reuni\u00f3 amb els grups de l&#8217;oposici\u00f3 per a arreplegar propostes de cara al pressupost. D&#8217;aquesta manera, l&#8217;equip de Govern mant\u00e9 la consigna d&#8217;anys anteriors de tindre en compte l&#8217;oposici\u00f3 en l&#8217;elaboraci\u00f3 dels comptes anuals. En el document definitiu s&#8217;han incl\u00f2s propostes de l&#8217;oposici\u00f3 referides a actes culturals, transport p\u00fablic, normalitzaci\u00f3 o a la campanya de rehabilitaci\u00f3 d&#8217;edificis en el nucli antic, entre altres. I tamb\u00e9 demandes no pressupost\u00e0ries com una ordenan\u00e7a reguladora de l&#8217;\u00fas de patinets i una altra de l&#8217;\u00fas de caravanes.<\/p>\n\n\n\n<p>El primer edil tamb\u00e9 ha volgut posar en valor la col\u00b7laboraci\u00f3 fonamental de la Diputaci\u00f3 de Castell\u00f3 en la construcci\u00f3 del trinquet, valorat en m\u00e9s d&#8217;un mili\u00f3 d&#8217;euros i que es finan\u00e7ar\u00e0 en part a trav\u00e9s d&#8217;un conveni amb la instituci\u00f3 provincial per 350.000 euros, i que en el pressupost apareix dotat amb 470.460,29 euros.<\/p>\n\n\n\n<p>La Generalitat tamb\u00e9 \u00e9s un actor principal en la transformaci\u00f3 del municipi, ja que, a m\u00e9s de la construcci\u00f3 de l&#8217;IES Palafangues \u2014llargament esperat pels ve\u00efns\u2014, t\u00e9 en marxa l&#8217;ampliaci\u00f3 de l&#8217;ambulatori i s&#8217;ha mostrat receptiva a la realitzaci\u00f3 d&#8217;una plataforma ciclopedestre que unisca la urbanitzaci\u00f3 del cam\u00ed Cabres amb l\u2019Estanyol.<\/p>\n\n\n\n<p>\u201cTotes aquestes ajudes s\u00f3n decisives \u2014assegura l&#8217;alcalde\u2014, ja que l&#8217;inici de les obres de la urbanitzaci\u00f3, pressupostada en el primer any amb 500.000 euros, malgrat la sana situaci\u00f3 econ\u00f2mica i el constant creixement de la poblaci\u00f3, ens condicionar\u00e0 molt la capacitat inversora dels pr\u00f2xims anys\u201d.<\/p>\n\n\n\n<p>A m\u00e9s de les inversions, destaca la partida de foment de l&#8217;ocupaci\u00f3, amb 1.060.581 euros, gr\u00e0cies a l&#8217;obtenci\u00f3 de dos nous tallers d&#8217;ocupaci\u00f3, aix\u00ed com les partides destinades a serveis socials, medi ambient, cultura i festes.<\/p>\n\n\n\n<p>Principals partides del pressupost 2026:<\/p>\n\n\n\n<p>\u00b7 Foment de l\u2019ocupaci\u00f3: 1.060.581,05 \u20ac<\/p>\n\n\n\n<p>\u00b7 Esports: 901.256,04 \u20ac<\/p>\n\n\n\n<p>\u00b7 Serveis Socials: 624.147,55 \u20ac<\/p>\n\n\n\n<p>\u00b7 Medi Ambient: 485.468,71 \u20ac<\/p>\n\n\n\n<p>\u00b7 Cultura: 335.847,40 \u20ac<\/p>\n\n\n\n<p>\u00b7 Festes: 267.250,00 \u20ac<\/p>\n\n\n\n<p>\u00b7 Joventut: 150.553,86 \u20ac<\/p>\n\n\n\n<p>\u00b7 Sanitat: 147.700,00 \u20ac<\/p>\n\n\n\n<p>\u00b7 Educaci\u00f3: 135.500,00 \u20ac<\/p>\n\n\n\n<p>\u00b7 Turisme: 99.421,43 \u20ac<\/p>\n","protected":false},"excerpt":{"rendered":"<p>\u2022 El trinquet, la peonalitzaci\u00f3 de la pla\u00e7a de la Constituci\u00f3 i el Belcaire Sud, projectes estrella del pressupost de 2026 \u2022 \u201cAquestes inversions, unides a l\u2019IES Palafangues i a l\u2019ampliaci\u00f3 de l\u2019ambulatori, transformaran el municipi\u201d, afirma Wences Al\u00f3s Valls Moncofa ja ha fixat la data per a la votaci\u00f3 del pressupost de 2026, que &#8230; <a title=\"Les inversions a Moncofa disparen el pressupost fins als 18,5 milions d\u2019euros\" class=\"read-more\" href=\"https:\/\/elcafedepipa.com\/index.php\/2025\/12\/16\/les-inversions-a-moncofa-disparen-el-pressupost-fins-als-185-milions-deuros\/\" aria-label=\"M\u00e9s informaci\u00f3 sobre Les inversions a Moncofa disparen el pressupost fins als 18,5 milions d\u2019euros\">Read more<\/a><\/p>\n","protected":false},"author":2,"featured_media":20116,"comment_status":"closed","ping_status":"closed","sticky":false,"template":"","format":"standard","meta":{"om_disable_all_campaigns":false,"_monsterinsights_skip_tracking":false,"_monsterinsights_sitenote_active":false,"_monsterinsights_sitenote_note":"","_monsterinsights_sitenote_category":0,"_uf_show_specific_survey":0,"_uf_disable_surveys":false,"footnotes":""},"categories":[4],"tags":[],"class_list":["post-20115","post","type-post","status-publish","format-standard","has-post-thumbnail","hentry","category-moncofa"],"_links":{"self":[{"href":"https:\/\/elcafedepipa.com\/index.php\/wp-json\/wp\/v2\/posts\/20115","targetHints":{"allow":["GET"]}}],"collection":[{"href":"https:\/\/elcafedepipa.com\/index.php\/wp-json\/wp\/v2\/posts"}],"about":[{"href":"https:\/\/elcafedepipa.com\/index.php\/wp-json\/wp\/v2\/types\/post"}],"author":[{"embeddable":true,"href":"https:\/\/elcafedepipa.com\/index.php\/wp-json\/wp\/v2\/users\/2"}],"replies":[{"embeddable":true,"href":"https:\/\/elcafedepipa.com\/index.php\/wp-json\/wp\/v2\/comments?post=20115"}],"version-history":[{"count":1,"href":"https:\/\/elcafedepipa.com\/index.php\/wp-json\/wp\/v2\/posts\/20115\/revisions"}],"predecessor-version":[{"id":20117,"href":"https:\/\/elcafedepipa.com\/index.php\/wp-json\/wp\/v2\/posts\/20115\/revisions\/20117"}],"wp:featuredmedia":[{"embeddable":true,"href":"https:\/\/elcafedepipa.com\/index.php\/wp-json\/wp\/v2\/media\/20116"}],"wp:attachment":[{"href":"https:\/\/elcafedepipa.com\/index.php\/wp-json\/wp\/v2\/media?parent=20115"}],"wp:term":[{"taxonomy":"category","embeddable":true,"href":"https:\/\/elcafedepipa.com\/index.php\/wp-json\/wp\/v2\/categories?post=20115"},{"taxonomy":"post_tag","embeddable":true,"href":"https:\/\/elcafedepipa.com\/index.php\/wp-json\/wp\/v2\/tags?post=20115"}],"curies":[{"name":"wp","href":"https:\/\/api.w.org\/{rel}","templated":true}]}}