{"id":20096,"date":"2025-12-15T13:20:09","date_gmt":"2025-12-15T12:20:09","guid":{"rendered":"https:\/\/elcafedepipa.com\/?p=20096"},"modified":"2025-12-15T13:20:10","modified_gmt":"2025-12-15T12:20:10","slug":"el-pspv-psoe-proposa-reforcar-la-lluita-contra-lassetjament-escolar-amb-agents-tutors-de-la-policia-local-en-tots-els-municipis-de-castello","status":"publish","type":"post","link":"https:\/\/elcafedepipa.com\/index.php\/2025\/12\/15\/el-pspv-psoe-proposa-reforcar-la-lluita-contra-lassetjament-escolar-amb-agents-tutors-de-la-policia-local-en-tots-els-municipis-de-castello\/","title":{"rendered":"El PSPV-PSOE proposa refor\u00e7ar la lluita contra l\u2019assetjament escolar amb Agents Tutors de la Policia Local en tots els municipis de Castell\u00f3"},"content":{"rendered":"\n<p>El PSPV-PSOE ha traslladat a les Corts Valencianes el debat sobre l\u2019augment de casos d\u2019assetjament escolar als centres educatius i ha registrat una Proposici\u00f3 No de Llei per a exigir al Consell del PP que adopte les mesures pressupost\u00e0ries, administratives i d\u2019informaci\u00f3 necess\u00e0ries per a impulsar la implantaci\u00f3 del programa d\u2019Agent Tutor de la Policia Local a la prov\u00edncia de Castell\u00f3. La iniciativa busca refor\u00e7ar la seguretat i la protecci\u00f3 de xiquets, xiquetes i adolescents i millorar la detecci\u00f3 preco\u00e7 de situacions de risc.<\/p>\n\n\n\n<p>La diputada auton\u00f2mica Roc\u00edo Ib\u00e1\u00f1ez ha advertit que \u201cla realitat que estem veient \u00e9s alarmant i ens obliga a reaccionar\u201d i ha defensat la recuperaci\u00f3 d\u2019esta figura perqu\u00e8 \u201cpolicies locals amb formaci\u00f3 especialitzada puguen actuar com a intermedi\u00e0ries en col\u00b7legis i instituts, detectar a temps situacions d\u2019assetjament i donar resposta tamb\u00e9 a altres amenaces a la integritat f\u00edsica o moral dels menors, com els maltractaments, l\u2019abandonament o la viol\u00e8ncia\u201d. Ib\u00e1\u00f1ez ha insistit que \u201cprotegir els nostres xiquets i xiquetes hauria de ser una prioritat de pa\u00eds\u201d i ha retret al PP que continue \u201cmirant cap a un altre costat\u201d.<\/p>\n\n\n\n<p>La parlament\u00e0ria socialista ha recordat que el Consell presidit per Ximo Puig va impulsar en 2019 el desplegament de l\u2019Agent Tutor a partir d\u2019un conveni entre la Federaci\u00f3 Espanyola de Municipis i Prov\u00edncies i l\u2019Ag\u00e8ncia Valenciana de Seguretat i Resposta a les Emerg\u00e8ncies, que va permetre l\u2019adhesi\u00f3 dels primers municipis. \u201cOn existeix, ens consta que est\u00e0 donant bons resultats\u201d, ha assenyalat Roc\u00edo Ib\u00e1\u00f1ez, que ha reclamat \u201ctornar a donar-li impuls fins a arribar al m\u00e0xim de municipis possible, especialment all\u00ed on la seua creaci\u00f3 est\u00e0 justificada\u201d.<\/p>\n\n\n\n<p>A m\u00e9s a m\u00e9s, la proposta del PSPV-PSOE reclama que l\u2019IVASPE active la formaci\u00f3 espec\u00edfica perqu\u00e8 les policies locals puguen desplegar l\u2019Agent Tutor \u201ccom m\u00e9s prompte millor\u201d i amb garanties a tot el territori. La diputada d\u2019Altura ha exigit al Consell del PP que \u201cisca del seu estat d\u2019hibernaci\u00f3 i done la cara davant este problema\u201d, perqu\u00e8 \u201chi ha massa patiment que es viu en silenci i, quan arriba tard, les conseq\u00fc\u00e8ncies poden ser terribles\u201d. \u201cEste programa \u00e9s una ferramenta \u00fatil per a arribar abans, protegir millor i donar tranquil\u00b7litat a les fam\u00edlies\u201d, ha sentenciat la diputada.<\/p>\n","protected":false},"excerpt":{"rendered":"<p>El PSPV-PSOE ha traslladat a les Corts Valencianes el debat sobre l\u2019augment de casos d\u2019assetjament escolar als centres educatius i ha registrat una Proposici\u00f3 No de Llei per a exigir al Consell del PP que adopte les mesures pressupost\u00e0ries, administratives i d\u2019informaci\u00f3 necess\u00e0ries per a impulsar la implantaci\u00f3 del programa d\u2019Agent Tutor de la Policia &#8230; <a title=\"El PSPV-PSOE proposa refor\u00e7ar la lluita contra l\u2019assetjament escolar amb Agents Tutors de la Policia Local en tots els municipis de Castell\u00f3\" class=\"read-more\" href=\"https:\/\/elcafedepipa.com\/index.php\/2025\/12\/15\/el-pspv-psoe-proposa-reforcar-la-lluita-contra-lassetjament-escolar-amb-agents-tutors-de-la-policia-local-en-tots-els-municipis-de-castello\/\" aria-label=\"M\u00e9s informaci\u00f3 sobre El PSPV-PSOE proposa refor\u00e7ar la lluita contra l\u2019assetjament escolar amb Agents Tutors de la Policia Local en tots els municipis de Castell\u00f3\">Read more<\/a><\/p>\n","protected":false},"author":2,"featured_media":20098,"comment_status":"closed","ping_status":"closed","sticky":false,"template":"","format":"standard","meta":{"om_disable_all_campaigns":false,"_monsterinsights_skip_tracking":false,"_monsterinsights_sitenote_active":false,"_monsterinsights_sitenote_note":"","_monsterinsights_sitenote_category":0,"_uf_show_specific_survey":0,"_uf_disable_surveys":false,"footnotes":""},"categories":[11],"tags":[],"class_list":["post-20096","post","type-post","status-publish","format-standard","has-post-thumbnail","hentry","category-comunitatvalenciana"],"_links":{"self":[{"href":"https:\/\/elcafedepipa.com\/index.php\/wp-json\/wp\/v2\/posts\/20096","targetHints":{"allow":["GET"]}}],"collection":[{"href":"https:\/\/elcafedepipa.com\/index.php\/wp-json\/wp\/v2\/posts"}],"about":[{"href":"https:\/\/elcafedepipa.com\/index.php\/wp-json\/wp\/v2\/types\/post"}],"author":[{"embeddable":true,"href":"https:\/\/elcafedepipa.com\/index.php\/wp-json\/wp\/v2\/users\/2"}],"replies":[{"embeddable":true,"href":"https:\/\/elcafedepipa.com\/index.php\/wp-json\/wp\/v2\/comments?post=20096"}],"version-history":[{"count":1,"href":"https:\/\/elcafedepipa.com\/index.php\/wp-json\/wp\/v2\/posts\/20096\/revisions"}],"predecessor-version":[{"id":20099,"href":"https:\/\/elcafedepipa.com\/index.php\/wp-json\/wp\/v2\/posts\/20096\/revisions\/20099"}],"wp:featuredmedia":[{"embeddable":true,"href":"https:\/\/elcafedepipa.com\/index.php\/wp-json\/wp\/v2\/media\/20098"}],"wp:attachment":[{"href":"https:\/\/elcafedepipa.com\/index.php\/wp-json\/wp\/v2\/media?parent=20096"}],"wp:term":[{"taxonomy":"category","embeddable":true,"href":"https:\/\/elcafedepipa.com\/index.php\/wp-json\/wp\/v2\/categories?post=20096"},{"taxonomy":"post_tag","embeddable":true,"href":"https:\/\/elcafedepipa.com\/index.php\/wp-json\/wp\/v2\/tags?post=20096"}],"curies":[{"name":"wp","href":"https:\/\/api.w.org\/{rel}","templated":true}]}}