{"id":20088,"date":"2025-12-15T12:51:28","date_gmt":"2025-12-15T11:51:28","guid":{"rendered":"https:\/\/elcafedepipa.com\/?p=20088"},"modified":"2025-12-15T12:51:29","modified_gmt":"2025-12-15T11:51:29","slug":"marta-barrachina-ajuda-a-fixar-poblacio-a-linterior-de-la-provincia-amb-un-escut-social-de-76-milions-que-dobla-la-inversio-i-es-reforca-amb-46-milions-en-cooperacio","status":"publish","type":"post","link":"https:\/\/elcafedepipa.com\/index.php\/2025\/12\/15\/marta-barrachina-ajuda-a-fixar-poblacio-a-linterior-de-la-provincia-amb-un-escut-social-de-76-milions-que-dobla-la-inversio-i-es-reforca-amb-46-milions-en-cooperacio\/","title":{"rendered":"Marta Barrachina ajuda a fixar poblaci\u00f3 a l&#8217;interior de la prov\u00edncia amb un escut social de 7,6 milions que dobla la inversi\u00f3 i es refor\u00e7a amb 46 milions en cooperaci\u00f3"},"content":{"rendered":"\n<p>&#8220;Hui la prov\u00edncia de Castell\u00f3 frena la despoblaci\u00f3 amb un escut social que complix la paraula donada per Marta Barrachina al capdavant de la Diputaci\u00f3 Provincial&#8221;. Domingo Giner, vicesecretari de Despoblaci\u00f3 del PPCS, ha fet estes valoracions despr\u00e9s de fer balan\u00e7 de tres anys de gesti\u00f3 del PP al capdavant de la Diputaci\u00f3 de Castell\u00f3.<\/p>\n\n\n\n<p>Un per\u00edode que, &#8220;sense ni tan sols haver completat el mandat, ja supera, i amb escreix, els resultats registrats durant l&#8217;etapa de govern presidida pel PSOE&#8221;. En mat\u00e8ria de despoblaci\u00f3, &#8220;la nova gesti\u00f3 ha exercit d&#8217;escut fins al punt que hi ha municipis que no sols han deixat de perdre ve\u00efns, sin\u00f3 que el m\u00e9s important, els han guanyats. I en alguns casos (Matet) han superat la barrera dels cent&#8221;.<\/p>\n\n\n\n<p>Giner exposa estos arguments i els fonamenta amb n\u00fameros. &#8220;La lluita contra la despoblaci\u00f3 s&#8217;eleva a 7,67 milions d&#8217;euros i xifra un increment del 55,6% en tres anys respecte als quatre de gesti\u00f3 del PSOE, on nom\u00e9s van invertir 4,9 milions&#8221;. &#8220;S\u00f3n fets, no paraules. \u00c9s l&#8217;exercici de la pol\u00edtica \u00fatil, la que dona la seua paraula i complix&#8221;.<\/p>\n\n\n\n<p>A este fons se suma el de cooperaci\u00f3. En tres anys el PPCS, amb la presidenta de la Diputaci\u00f3, Marta Barrachina, al capdavant del Govern Provincial, &#8220;ha demostrat que es pot invertir m\u00e9s, malgrat que el PSOE es va negar a fer-ho&#8221;. Entre 2023 i 2026 s&#8217;injecten 46 milions d&#8217;euros als 135 municipis de la prov\u00edncia a trav\u00e9s del Fons de Cooperaci\u00f3 i s&#8217;incrementa un 11,6% l&#8217;aportaci\u00f3 que el PSOE va limitar -41 milions d&#8217;euros- en quatre anys&#8221;.<\/p>\n\n\n\n<p>En este sentit, destaca Giner, &#8220;en menys temps, nom\u00e9s tres anys, s&#8217;ha aportat molt m\u00e9s diners: 46 milions enfront dels 41 del PSOE&#8221;. I eixe increment, eixos 4,8 milions de m\u00e9s, &#8220;han sigut possibles gr\u00e0cies a que hui s\u00ed que es cree en el m\u00f3n rural com una oportunitat. Els fets que resolen els problemes de les persones i que tan b\u00e9 li senten a la nostra prov\u00edncia\u201d.<\/p>\n","protected":false},"excerpt":{"rendered":"<p>&#8220;Hui la prov\u00edncia de Castell\u00f3 frena la despoblaci\u00f3 amb un escut social que complix la paraula donada per Marta Barrachina al capdavant de la Diputaci\u00f3 Provincial&#8221;. Domingo Giner, vicesecretari de Despoblaci\u00f3 del PPCS, ha fet estes valoracions despr\u00e9s de fer balan\u00e7 de tres anys de gesti\u00f3 del PP al capdavant de la Diputaci\u00f3 de Castell\u00f3. &#8230; <a title=\"Marta Barrachina ajuda a fixar poblaci\u00f3 a l&#8217;interior de la prov\u00edncia amb un escut social de 7,6 milions que dobla la inversi\u00f3 i es refor\u00e7a amb 46 milions en cooperaci\u00f3\" class=\"read-more\" href=\"https:\/\/elcafedepipa.com\/index.php\/2025\/12\/15\/marta-barrachina-ajuda-a-fixar-poblacio-a-linterior-de-la-provincia-amb-un-escut-social-de-76-milions-que-dobla-la-inversio-i-es-reforca-amb-46-milions-en-cooperacio\/\" aria-label=\"M\u00e9s informaci\u00f3 sobre Marta Barrachina ajuda a fixar poblaci\u00f3 a l&#8217;interior de la prov\u00edncia amb un escut social de 7,6 milions que dobla la inversi\u00f3 i es refor\u00e7a amb 46 milions en cooperaci\u00f3\">Read more<\/a><\/p>\n","protected":false},"author":2,"featured_media":20089,"comment_status":"closed","ping_status":"closed","sticky":false,"template":"","format":"standard","meta":{"om_disable_all_campaigns":false,"_monsterinsights_skip_tracking":false,"_monsterinsights_sitenote_active":false,"_monsterinsights_sitenote_note":"","_monsterinsights_sitenote_category":0,"_uf_show_specific_survey":0,"_uf_disable_surveys":false,"footnotes":""},"categories":[11],"tags":[],"class_list":["post-20088","post","type-post","status-publish","format-standard","has-post-thumbnail","hentry","category-comunitatvalenciana"],"_links":{"self":[{"href":"https:\/\/elcafedepipa.com\/index.php\/wp-json\/wp\/v2\/posts\/20088","targetHints":{"allow":["GET"]}}],"collection":[{"href":"https:\/\/elcafedepipa.com\/index.php\/wp-json\/wp\/v2\/posts"}],"about":[{"href":"https:\/\/elcafedepipa.com\/index.php\/wp-json\/wp\/v2\/types\/post"}],"author":[{"embeddable":true,"href":"https:\/\/elcafedepipa.com\/index.php\/wp-json\/wp\/v2\/users\/2"}],"replies":[{"embeddable":true,"href":"https:\/\/elcafedepipa.com\/index.php\/wp-json\/wp\/v2\/comments?post=20088"}],"version-history":[{"count":2,"href":"https:\/\/elcafedepipa.com\/index.php\/wp-json\/wp\/v2\/posts\/20088\/revisions"}],"predecessor-version":[{"id":20091,"href":"https:\/\/elcafedepipa.com\/index.php\/wp-json\/wp\/v2\/posts\/20088\/revisions\/20091"}],"wp:featuredmedia":[{"embeddable":true,"href":"https:\/\/elcafedepipa.com\/index.php\/wp-json\/wp\/v2\/media\/20089"}],"wp:attachment":[{"href":"https:\/\/elcafedepipa.com\/index.php\/wp-json\/wp\/v2\/media?parent=20088"}],"wp:term":[{"taxonomy":"category","embeddable":true,"href":"https:\/\/elcafedepipa.com\/index.php\/wp-json\/wp\/v2\/categories?post=20088"},{"taxonomy":"post_tag","embeddable":true,"href":"https:\/\/elcafedepipa.com\/index.php\/wp-json\/wp\/v2\/tags?post=20088"}],"curies":[{"name":"wp","href":"https:\/\/api.w.org\/{rel}","templated":true}]}}