{"id":20085,"date":"2025-12-15T10:28:55","date_gmt":"2025-12-15T09:28:55","guid":{"rendered":"https:\/\/elcafedepipa.com\/?p=20085"},"modified":"2025-12-15T10:28:56","modified_gmt":"2025-12-15T09:28:56","slug":"moncofa-presenta-el-calendari-municipal-2026-dedicat-als-espais-naturals-emblematics-i-especials-del-municipi","status":"publish","type":"post","link":"https:\/\/elcafedepipa.com\/index.php\/2025\/12\/15\/moncofa-presenta-el-calendari-municipal-2026-dedicat-als-espais-naturals-emblematics-i-especials-del-municipi\/","title":{"rendered":"Moncofa presenta el calendari municipal 2026, dedicat als espais naturals, emblem\u00e0tics i especials del municipi"},"content":{"rendered":"\n<p>L&#8217;Ajuntament de Moncofa ha presentat el calendari municipal 2026, una publicaci\u00f3 ja consolidada en la localitat i que torna a distribuir-se entre les associacions locals i diferents entitats.<\/p>\n\n\n\n<p>Enguany, el calendari incorpora una novetat destacada: la seua tem\u00e0tica gira al voltant dels espais naturals, emblem\u00e0tics, especials i diferents de Moncofa, amb imatges seleccionades per a mostrar la bellesa de l&#8217;entorn local al llarg de les quatre estacions.<\/p>\n\n\n\n<p>L&#8217;alcalde de Moncofa, Wences Al\u00f3s Valls, ha explicat que l&#8217;objectiu d&#8217;esta edici\u00f3 \u00e9s \u201cmostrar els llocs que fan especial el nostre poble, tant els coneguts com aquells racons menys visibles per\u00f2 igual de valuosos\u201d. A m\u00e9s, ha assenyalat que \u201cel calendari permet gaudir Moncofa durant tot l&#8217;any, fins i tot des de casa\u201d.<\/p>\n\n\n\n<p>L&#8217;elaboraci\u00f3 del calendari forma part de la campanya municipal que posa en valor la identitat local. \u201cVolem recordar que el nom del nostre poble \u00e9s Moncofa, i cada iniciativa, inclosa esta, ajuda a refor\u00e7ar eixe sentiment de pertinen\u00e7a i orgull\u201d, afirma Al\u00f3s Valls.<\/p>\n\n\n\n<p>Per a l\u2019elaboraci\u00f3, el consistori ha implicat la ciutadania i els xiquets i xiquetes del CEIP Avel\u00b7l\u00ed Corma. Durant les setmanes pr\u00e8vies, els ve\u00efns i ve\u00efnes van poder votar en xarxes socials la imatge que ocuparia la portada del calendari, iniciativa que ha rebut una excel\u00b7lent participaci\u00f3. I, per part seua, l&#8217;alumnat de l\u2019escola va ajudar en la selecci\u00f3 de les imatges que il\u00b7lustren cada un dels mesos de l&#8217;any.<\/p>\n\n\n\n<p>Els calendaris ja han comen\u00e7at a distribuir-se entre les associacions locals, entitats municipals i col\u00b7lectius del municipi. Des de l&#8217;Ajuntament s&#8217;anima a la ciutadania a conservar esta publicaci\u00f3 com un reflex del patrimoni natural i cultural de Moncofa, ja que \u201cno \u00e9s nom\u00e9s un calendari. \u00c9s una manera de recordar qui som, qu\u00e8 tenim i qu\u00e8 volem protegir\u201d.<\/p>\n\n\n\n<p><\/p>\n","protected":false},"excerpt":{"rendered":"<p>L&#8217;Ajuntament de Moncofa ha presentat el calendari municipal 2026, una publicaci\u00f3 ja consolidada en la localitat i que torna a distribuir-se entre les associacions locals i diferents entitats. Enguany, el calendari incorpora una novetat destacada: la seua tem\u00e0tica gira al voltant dels espais naturals, emblem\u00e0tics, especials i diferents de Moncofa, amb imatges seleccionades per a &#8230; <a title=\"Moncofa presenta el calendari municipal 2026, dedicat als espais naturals, emblem\u00e0tics i especials del municipi\" class=\"read-more\" href=\"https:\/\/elcafedepipa.com\/index.php\/2025\/12\/15\/moncofa-presenta-el-calendari-municipal-2026-dedicat-als-espais-naturals-emblematics-i-especials-del-municipi\/\" aria-label=\"M\u00e9s informaci\u00f3 sobre Moncofa presenta el calendari municipal 2026, dedicat als espais naturals, emblem\u00e0tics i especials del municipi\">Read more<\/a><\/p>\n","protected":false},"author":2,"featured_media":20086,"comment_status":"closed","ping_status":"closed","sticky":false,"template":"","format":"standard","meta":{"om_disable_all_campaigns":false,"_monsterinsights_skip_tracking":false,"_monsterinsights_sitenote_active":false,"_monsterinsights_sitenote_note":"","_monsterinsights_sitenote_category":0,"_uf_show_specific_survey":0,"_uf_disable_surveys":false,"footnotes":""},"categories":[4],"tags":[],"class_list":["post-20085","post","type-post","status-publish","format-standard","has-post-thumbnail","hentry","category-moncofa"],"_links":{"self":[{"href":"https:\/\/elcafedepipa.com\/index.php\/wp-json\/wp\/v2\/posts\/20085","targetHints":{"allow":["GET"]}}],"collection":[{"href":"https:\/\/elcafedepipa.com\/index.php\/wp-json\/wp\/v2\/posts"}],"about":[{"href":"https:\/\/elcafedepipa.com\/index.php\/wp-json\/wp\/v2\/types\/post"}],"author":[{"embeddable":true,"href":"https:\/\/elcafedepipa.com\/index.php\/wp-json\/wp\/v2\/users\/2"}],"replies":[{"embeddable":true,"href":"https:\/\/elcafedepipa.com\/index.php\/wp-json\/wp\/v2\/comments?post=20085"}],"version-history":[{"count":1,"href":"https:\/\/elcafedepipa.com\/index.php\/wp-json\/wp\/v2\/posts\/20085\/revisions"}],"predecessor-version":[{"id":20087,"href":"https:\/\/elcafedepipa.com\/index.php\/wp-json\/wp\/v2\/posts\/20085\/revisions\/20087"}],"wp:featuredmedia":[{"embeddable":true,"href":"https:\/\/elcafedepipa.com\/index.php\/wp-json\/wp\/v2\/media\/20086"}],"wp:attachment":[{"href":"https:\/\/elcafedepipa.com\/index.php\/wp-json\/wp\/v2\/media?parent=20085"}],"wp:term":[{"taxonomy":"category","embeddable":true,"href":"https:\/\/elcafedepipa.com\/index.php\/wp-json\/wp\/v2\/categories?post=20085"},{"taxonomy":"post_tag","embeddable":true,"href":"https:\/\/elcafedepipa.com\/index.php\/wp-json\/wp\/v2\/tags?post=20085"}],"curies":[{"name":"wp","href":"https:\/\/api.w.org\/{rel}","templated":true}]}}