{"id":20082,"date":"2025-12-15T10:26:42","date_gmt":"2025-12-15T09:26:42","guid":{"rendered":"https:\/\/elcafedepipa.com\/?p=20082"},"modified":"2025-12-15T10:26:44","modified_gmt":"2025-12-15T09:26:44","slug":"els-reis-mags-arribaran-a-la-vall-duixo-el-5-de-gener-amb-una-jornada-plena-de-magia-i-illusio","status":"publish","type":"post","link":"https:\/\/elcafedepipa.com\/index.php\/2025\/12\/15\/els-reis-mags-arribaran-a-la-vall-duixo-el-5-de-gener-amb-una-jornada-plena-de-magia-i-illusio\/","title":{"rendered":"Els Reis Mags arribaran a la Vall d\u2019Uix\u00f3 el 5 de gener amb una jornada plena de m\u00e0gia i il\u00b7lusi\u00f3"},"content":{"rendered":"\n<p>Ses Majestats arribaran en barca per les Coves de Sant Josep al mat\u00ed i protagonitzaran la Cavalcada amb un recorregut adaptat per les obres al centre<\/p>\n\n\n\n<p>Els Reis Mags d\u2019Orient arribaran puntuals a la seua cita amb la Vall d\u2019Uix\u00f3 el 5 de gener de 2026, portant m\u00e0gia, alegria i il\u00b7lusi\u00f3, especialment als xiquets i xiquetes. La jornada comen\u00e7ar\u00e0 a les 12.00 hores, quan Ses Majestats arribaran en barca per les Coves de Sant Josep, un dels moments m\u00e9s esperats del Nadal.<\/p>\n\n\n\n<p>Despr\u00e9s de l\u2019arribada, eixiran a saludar als m\u00e9s menuts, que podran fotografiar-se amb ells, i hi haur\u00e0 animaci\u00f3 infantil per a donar-los la benvinguda. El regidor de Joventut, Manel Agea, ha destacat que \u201cl\u2019arribada dels Reis \u00e9s un dels dies m\u00e9s especials de l\u2019any per a la ciutat i treballem perqu\u00e8 siga una experi\u00e8ncia m\u00e0gica, cuidada i plena d\u2019emocions per a les fam\u00edlies\u201d.<\/p>\n\n\n\n<p>Ja per la vesprada, a les 18.30 hores, tindr\u00e0 lloc la Cavalcada de Reis, que enguany presenta algunes novetats a causa de les obres que s\u2019estan realitzant a l\u2019Ajuntament i a la pla\u00e7a del Centre, fet que impedeix l\u2019acc\u00e9s al balc\u00f3 municipal. El recorregut comen\u00e7ar\u00e0 a l\u2019avinguda Cor de Jes\u00fas, continuar\u00e0 per l\u2019avinguda Jaume I, els carrers Almenara i Matilde Bel, i finalitzar\u00e0 a la pla\u00e7a Sagrada Fam\u00edlia (antiga pla\u00e7a del Peral), on es viur\u00e0 el fi de festa.<\/p>\n\n\n\n<p>En aquest punt, Ses Majestats dirigiran unes paraules als xiquets i xiquetes, rebran la clau que obri totes les cases de la ciutat i sentiran el calor i l\u2019estima de la Vall d\u2019Uix\u00f3 abans d\u2019una nit molt especial i intensa repartint regals. \u201cSabem que \u00e9s una nit carregada d\u2019emocions i volem que els nostres carrers siguen un espai de trobada, il\u00b7lusi\u00f3 i records que duren tota la vida\u201d, ha assenyalat Agea.<\/p>\n\n\n\n<p>Enguany, a m\u00e9s, l\u2019Ajuntament s\u2019ha adherit a la campanya valenciana \u2018Ja venen els Reis\u2019. A trav\u00e9s de la web https:\/\/javenenelsreis.com\/ es pot consultar la programaci\u00f3 de Nadal de la Vall d\u2019Uix\u00f3 i accedir a nombrosos recursos per a preparar l\u2019arribada de Ses Majestats, com manualitats, receptes de cuina, nadales en valenci\u00e0, jocs i cartes als Reis.<\/p>\n\n\n\n<p>En els pr\u00f2xims dies tamb\u00e9 es repartiran balconeres perqu\u00e8 les fam\u00edlies puguen penjar-les als balcons de les cases que esperen l\u2019arribada dels Reis. L\u2019objectiu \u00e9s que \u201cels carrers i les llars de la Vall reflectisquen la il\u00b7lusi\u00f3 col\u00b7lectiva d\u2019este dia tan especial\u201d, ha explicat el regidor. En aquest sentit, s\u2019informar\u00e0 pr\u00f2ximament sobre el sistema de repartiment.<\/p>\n\n\n\n<p>Des de l\u2019Ajuntament s\u2019ha destacat la col\u00b7laboraci\u00f3 del Grup Scout Espad\u00e0, la Cooperativa San Isidro, la Cooperativa Sant Vicent i les tres bandes de m\u00fasica, que fan possible, un any m\u00e9s, la celebraci\u00f3 de la Cavalcada de Reis.<\/p>\n","protected":false},"excerpt":{"rendered":"<p>Ses Majestats arribaran en barca per les Coves de Sant Josep al mat\u00ed i protagonitzaran la Cavalcada amb un recorregut adaptat per les obres al centre Els Reis Mags d\u2019Orient arribaran puntuals a la seua cita amb la Vall d\u2019Uix\u00f3 el 5 de gener de 2026, portant m\u00e0gia, alegria i il\u00b7lusi\u00f3, especialment als xiquets i &#8230; <a title=\"Els Reis Mags arribaran a la Vall d\u2019Uix\u00f3 el 5 de gener amb una jornada plena de m\u00e0gia i il\u00b7lusi\u00f3\" class=\"read-more\" href=\"https:\/\/elcafedepipa.com\/index.php\/2025\/12\/15\/els-reis-mags-arribaran-a-la-vall-duixo-el-5-de-gener-amb-una-jornada-plena-de-magia-i-illusio\/\" aria-label=\"M\u00e9s informaci\u00f3 sobre Els Reis Mags arribaran a la Vall d\u2019Uix\u00f3 el 5 de gener amb una jornada plena de m\u00e0gia i il\u00b7lusi\u00f3\">Read more<\/a><\/p>\n","protected":false},"author":2,"featured_media":20083,"comment_status":"closed","ping_status":"closed","sticky":false,"template":"","format":"standard","meta":{"om_disable_all_campaigns":false,"_monsterinsights_skip_tracking":false,"_monsterinsights_sitenote_active":false,"_monsterinsights_sitenote_note":"","_monsterinsights_sitenote_category":0,"_uf_show_specific_survey":0,"_uf_disable_surveys":false,"footnotes":""},"categories":[2],"tags":[],"class_list":["post-20082","post","type-post","status-publish","format-standard","has-post-thumbnail","hentry","category-lavallduixo"],"_links":{"self":[{"href":"https:\/\/elcafedepipa.com\/index.php\/wp-json\/wp\/v2\/posts\/20082","targetHints":{"allow":["GET"]}}],"collection":[{"href":"https:\/\/elcafedepipa.com\/index.php\/wp-json\/wp\/v2\/posts"}],"about":[{"href":"https:\/\/elcafedepipa.com\/index.php\/wp-json\/wp\/v2\/types\/post"}],"author":[{"embeddable":true,"href":"https:\/\/elcafedepipa.com\/index.php\/wp-json\/wp\/v2\/users\/2"}],"replies":[{"embeddable":true,"href":"https:\/\/elcafedepipa.com\/index.php\/wp-json\/wp\/v2\/comments?post=20082"}],"version-history":[{"count":1,"href":"https:\/\/elcafedepipa.com\/index.php\/wp-json\/wp\/v2\/posts\/20082\/revisions"}],"predecessor-version":[{"id":20084,"href":"https:\/\/elcafedepipa.com\/index.php\/wp-json\/wp\/v2\/posts\/20082\/revisions\/20084"}],"wp:featuredmedia":[{"embeddable":true,"href":"https:\/\/elcafedepipa.com\/index.php\/wp-json\/wp\/v2\/media\/20083"}],"wp:attachment":[{"href":"https:\/\/elcafedepipa.com\/index.php\/wp-json\/wp\/v2\/media?parent=20082"}],"wp:term":[{"taxonomy":"category","embeddable":true,"href":"https:\/\/elcafedepipa.com\/index.php\/wp-json\/wp\/v2\/categories?post=20082"},{"taxonomy":"post_tag","embeddable":true,"href":"https:\/\/elcafedepipa.com\/index.php\/wp-json\/wp\/v2\/tags?post=20082"}],"curies":[{"name":"wp","href":"https:\/\/api.w.org\/{rel}","templated":true}]}}