{"id":20079,"date":"2025-12-15T09:50:38","date_gmt":"2025-12-15T08:50:38","guid":{"rendered":"https:\/\/elcafedepipa.com\/?p=20079"},"modified":"2025-12-15T09:50:39","modified_gmt":"2025-12-15T08:50:39","slug":"almenara-obri-la-mostra-de-la-xiii-edicio-del-concurs-escolar-de-postals-de-nadal","status":"publish","type":"post","link":"https:\/\/elcafedepipa.com\/index.php\/2025\/12\/15\/almenara-obri-la-mostra-de-la-xiii-edicio-del-concurs-escolar-de-postals-de-nadal\/","title":{"rendered":"Almenara obri la mostra de la XIII edici\u00f3 del Concurs Escolar de Postals de Nadal"},"content":{"rendered":"\n<p><strong>La vesprada cultural se va completar amb la inauguraci\u00f3 de \u201cHollywood en les meues mans\u201d de Ximo Beri i la presentaci\u00f3 del llibre \u201cEducando entre Padres\u201d d&#8217;Elena S\u00e1nchez San Jer\u00f3nimo<\/strong><\/p>\n\n\n\n<p>Almenara va viure ahir &nbsp;divendres una triple cita cultural amb la inauguraci\u00f3 de l\u2019exposici\u00f3 de la XIII edici\u00f3 del Concurs Escolar de Postals de Nadal i de la mostra \u201cHollywood en les meues mans\u201d, a c\u00e0rrec de Ximo Beri, que ha donat pas a la presentaci\u00f3 del llibre \u201cEducando entre Padres\u201d, del qual \u00e9s coautora l\u2019almenarenca Estela S\u00e1nchez San Jer\u00f3nimo.<\/p>\n\n\n\n<p>Un any m\u00e9s, el Mol\u00ed d\u2019Arr\u00f2s acull fins al 8 de gener les postals nadalenques dissenyades pels xiquets i xiquetes de la localitat, les obres guanyadores de la qual formaran part de la felicitaci\u00f3 de Nadal de l&#8217;alcaldessa d&#8217;Almenara, Est\u00edbaliz P\u00e9rez, en nom de tota la corporaci\u00f3 municipal. Durant la inauguraci\u00f3 es van entregar els premis a les postals vencedores, elaborades per:<\/p>\n\n\n\n<p>\u2022 Valentina Montes (Infantil 3 anys)<\/p>\n\n\n\n<p>\u2022 Raquel Serrano L\u00f3pez (Infantil 4 anys)<\/p>\n\n\n\n<p>\u2022 Chloe Routaboul (Infantil 5 anys)<\/p>\n\n\n\n<p>\u2022 Sergio Garc\u00eda de la Galana Popov (1r de Prim\u00e0ria)<\/p>\n\n\n\n<p>\u2022 Elisa Mar\u00eda Chiuz Varga (2n de Prim\u00e0ria)<\/p>\n\n\n\n<p>\u2022 Marta Forner Fenollosa (3r de Prim\u00e0ria)<\/p>\n\n\n\n<p>\u2022 Ares Cubells Soriano (4t de Prim\u00e0ria)<\/p>\n\n\n\n<p>\u2022 Gabriela Antonella Toscano Carrillo (5\u00e9 Prim\u00e0ria)<\/p>\n\n\n\n<p>\u2022 Laura S\u00e1nchez Cabrera (6\u00e9 Prim\u00e0ria)<\/p>\n\n\n\n<p><strong>Hollywood en les meues mans<\/strong><\/p>\n\n\n\n<p>De manera paral\u00b7lela, tamb\u00e9 es va inaugurar l&#8217;exposici\u00f3 \u201cHollywood en les meues mans\u201d, una s\u00e8rie de retrats d&#8217;actrius i actors de Hollywood realitzats al llapis per Ximo Beri. Ve\u00ed de la localitat i artista autodidacta, Beri ha anat consolidant la seua afici\u00f3 pel retrat i les arts, presentant aquest Nadal la seua primera mostra monogr\u00e0fica.<\/p>\n\n\n\n<p><strong>Educant entre Pares<\/strong><\/p>\n\n\n\n<p>La jornada va culminar a la Biblioteca Joan Fuster amb la presentaci\u00f3 del llibre \u201cEducando entre Padres, escrit per l\u2019almenarenca Estela S\u00e1nchez San Jer\u00f3nimo, juntament amb Mar\u00eda Elena Flores Cuadrado, Jos\u00e9 Osuna Exp\u00f3sito i Mar\u00eda Inmaculada Molina Mart\u00ednez. L&#8217;obra busca bastir ponts entre pares, mares, educadors i totes aquelles persones interessades en una crian\u00e7a m\u00e9s conscient i amorosa.<\/p>\n","protected":false},"excerpt":{"rendered":"<p>La vesprada cultural se va completar amb la inauguraci\u00f3 de \u201cHollywood en les meues mans\u201d de Ximo Beri i la presentaci\u00f3 del llibre \u201cEducando entre Padres\u201d d&#8217;Elena S\u00e1nchez San Jer\u00f3nimo Almenara va viure ahir &nbsp;divendres una triple cita cultural amb la inauguraci\u00f3 de l\u2019exposici\u00f3 de la XIII edici\u00f3 del Concurs Escolar de Postals de Nadal &#8230; <a title=\"Almenara obri la mostra de la XIII edici\u00f3 del Concurs Escolar de Postals de Nadal\" class=\"read-more\" href=\"https:\/\/elcafedepipa.com\/index.php\/2025\/12\/15\/almenara-obri-la-mostra-de-la-xiii-edicio-del-concurs-escolar-de-postals-de-nadal\/\" aria-label=\"M\u00e9s informaci\u00f3 sobre Almenara obri la mostra de la XIII edici\u00f3 del Concurs Escolar de Postals de Nadal\">Read more<\/a><\/p>\n","protected":false},"author":2,"featured_media":20080,"comment_status":"closed","ping_status":"closed","sticky":false,"template":"","format":"standard","meta":{"om_disable_all_campaigns":false,"_monsterinsights_skip_tracking":false,"_monsterinsights_sitenote_active":false,"_monsterinsights_sitenote_note":"","_monsterinsights_sitenote_category":0,"_uf_show_specific_survey":0,"_uf_disable_surveys":false,"footnotes":""},"categories":[5],"tags":[],"class_list":["post-20079","post","type-post","status-publish","format-standard","has-post-thumbnail","hentry","category-almenara"],"_links":{"self":[{"href":"https:\/\/elcafedepipa.com\/index.php\/wp-json\/wp\/v2\/posts\/20079","targetHints":{"allow":["GET"]}}],"collection":[{"href":"https:\/\/elcafedepipa.com\/index.php\/wp-json\/wp\/v2\/posts"}],"about":[{"href":"https:\/\/elcafedepipa.com\/index.php\/wp-json\/wp\/v2\/types\/post"}],"author":[{"embeddable":true,"href":"https:\/\/elcafedepipa.com\/index.php\/wp-json\/wp\/v2\/users\/2"}],"replies":[{"embeddable":true,"href":"https:\/\/elcafedepipa.com\/index.php\/wp-json\/wp\/v2\/comments?post=20079"}],"version-history":[{"count":1,"href":"https:\/\/elcafedepipa.com\/index.php\/wp-json\/wp\/v2\/posts\/20079\/revisions"}],"predecessor-version":[{"id":20081,"href":"https:\/\/elcafedepipa.com\/index.php\/wp-json\/wp\/v2\/posts\/20079\/revisions\/20081"}],"wp:featuredmedia":[{"embeddable":true,"href":"https:\/\/elcafedepipa.com\/index.php\/wp-json\/wp\/v2\/media\/20080"}],"wp:attachment":[{"href":"https:\/\/elcafedepipa.com\/index.php\/wp-json\/wp\/v2\/media?parent=20079"}],"wp:term":[{"taxonomy":"category","embeddable":true,"href":"https:\/\/elcafedepipa.com\/index.php\/wp-json\/wp\/v2\/categories?post=20079"},{"taxonomy":"post_tag","embeddable":true,"href":"https:\/\/elcafedepipa.com\/index.php\/wp-json\/wp\/v2\/tags?post=20079"}],"curies":[{"name":"wp","href":"https:\/\/api.w.org\/{rel}","templated":true}]}}